{"id":180062,"date":"2019-10-12T16:23:56","date_gmt":"2019-10-12T14:23:56","guid":{"rendered":"http:\/\/www.cronacaonline.it\/public\/content\/?p=180062"},"modified":"2019-10-12T16:23:56","modified_gmt":"2019-10-12T14:23:56","slug":"programmazione-territoriale-fasolino-lunedi-a-bonorva-per-confronto-con-comuni-meilogu-villanova","status":"publish","type":"post","link":"https:\/\/www.cronacaonline.it\/index.php\/2019\/10\/12\/programmazione-territoriale-fasolino-lunedi-a-bonorva-per-confronto-con-comuni-meilogu-villanova\/","title":{"rendered":"Programmazione territoriale, Fasolino Luned\u00ec a Bonorva per confronto con comuni Meilogu-Villanova"},"content":{"rendered":"<p>Cagliari, 12 Ott 2019\u00a0- Sar\u00e0 Bonorva la prossima tappa della missione nei territori dell\u2019assessore alla Programmazione, Giuseppe Fasolino: luned\u00ec a Bonorva, alle ore 15.00, \u00e8 previsto un confronto con i sindaci del Meilogu-Villanova, con la partecipazione dei consiglieri regionali eletti nel territorio.<\/p>\n<p>\u201cPartiamo da una fase di ascolto dei primi cittadini, che vivono a stretto contatto con la comunit\u00e0, sia per accelerare la programmazione 2013-2020, superando le criticit\u00e0 riscontrate, sia per condividere in anticipo le scelte relative alla prossima programmazione. Abbiamo deciso - dichiara l'assessore alla programmazione, Giuseppe Fasolino - di incontrare i territori, toccare con mano le questioni pi\u00f9 sentite dalla collettivit\u00e0, individuare e condividere soluzioni e modalit\u00e0 operative compatibili con la vita delle famiglie, delle imprese, dei Comuni.<\/p>\n<p>Tappa dopo tappa \u2013 prosegue Fasolino - andremo in tutte le aree della Sardegna coinvolgendo i rappresentanti istituzionali in tutte le fasi di un percorso che deve vedere tutti partecipi di un cammino comune, che sviluppi le potenzialit\u00e0 di ciascun territorio. Vogliamo una Sardegna \u2013 ha concluso l\u2019assessore - che sia in grado di migliorare la qualit\u00e0 della vita dei suoi abitanti, un sistema che contribuisca a superare le storiche criticit\u00e0 e che ci permetta di affacciarci realmente a competere con le altre realt\u00e0 nazionali e internazionali\u201d. Com<\/p>\n","protected":false},"excerpt":{"rendered":"<p>Cagliari, 12 Ott 2019\u00a0&#8211; Sar\u00e0 Bonorva la prossima tappa della missione nei territori dell\u2019assessore alla Programmazione, Giuseppe Fasolino: luned\u00ec a Bonorva, alle ore 15.00, \u00e8&#8230;<\/p>\n","protected":false},"author":2,"featured_media":174882,"comment_status":"closed","ping_status":"closed","sticky":false,"template":"","format":"standard","meta":[],"categories":[49,51,52],"tags":[],"_links":{"self":[{"href":"https:\/\/www.cronacaonline.it\/index.php\/wp-json\/wp\/v2\/posts\/180062"}],"collection":[{"href":"https:\/\/www.cronacaonline.it\/index.php\/wp-json\/wp\/v2\/posts"}],"about":[{"href":"https:\/\/www.cronacaonline.it\/index.php\/wp-json\/wp\/v2\/types\/post"}],"author":[{"embeddable":true,"href":"https:\/\/www.cronacaonline.it\/index.php\/wp-json\/wp\/v2\/users\/2"}],"replies":[{"embeddable":true,"href":"https:\/\/www.cronacaonline.it\/index.php\/wp-json\/wp\/v2\/comments?post=180062"}],"version-history":[{"count":0,"href":"https:\/\/www.cronacaonline.it\/index.php\/wp-json\/wp\/v2\/posts\/180062\/revisions"}],"wp:featuredmedia":[{"embeddable":true,"href":"https:\/\/www.cronacaonline.it\/index.php\/wp-json\/wp\/v2\/media\/174882"}],"wp:attachment":[{"href":"https:\/\/www.cronacaonline.it\/index.php\/wp-json\/wp\/v2\/media?parent=180062"}],"wp:term":[{"taxonomy":"category","embeddable":true,"href":"https:\/\/www.cronacaonline.it\/index.php\/wp-json\/wp\/v2\/categories?post=180062"},{"taxonomy":"post_tag","embeddable":true,"href":"https:\/\/www.cronacaonline.it\/index.php\/wp-json\/wp\/v2\/tags?post=180062"}],"curies":[{"name":"wp","href":"https:\/\/api.w.org\/{rel}","templated":true}]}}