{"id":180060,"date":"2019-10-12T16:22:07","date_gmt":"2019-10-12T14:22:07","guid":{"rendered":"http:\/\/www.cronacaonline.it\/public\/content\/?p=180060"},"modified":"2019-10-12T16:22:07","modified_gmt":"2019-10-12T14:22:07","slug":"solinas-la-regione-sardegna-sara-gestore-delle-acque-pubbliche-verso-le-norme-di-attuazione-dello-statuto-per-trasferire-alla-regione-proprieta-e-competenze-sulle-acque-pubbliche","status":"publish","type":"post","link":"https:\/\/www.cronacaonline.it\/index.php\/2019\/10\/12\/solinas-la-regione-sardegna-sara-gestore-delle-acque-pubbliche-verso-le-norme-di-attuazione-dello-statuto-per-trasferire-alla-regione-proprieta-e-competenze-sulle-acque-pubbliche\/","title":{"rendered":"Solinas: la Regione Sardegna sar\u00e0 gestore delle acque pubbliche verso le norme di attuazione dello statuto per trasferire alla regione propriet\u00e0 e competenze sulle acque pubbliche."},"content":{"rendered":"<p>Cagliari, 12 Ott 2019\u00a0- Trasferire alla Regione la propriet\u00e0 delle acque pubbliche presenti nel territorio regionale e le concessioni di derivazione idrica che fino a ora erano di competenza dello Stato.<\/p>\n<p>Con questa decisione il Presidente della Regione Christian Solinas ha avviato una procedura che porter\u00e0 in capo alla Sardegna tutti i poteri nel campo delle acque pubbliche e che fisser\u00e0 le funzioni e le prerogative regionali.<\/p>\n<p>\u201c\u00c8 una forte affermazione della nostra Autonomia regionale, l\u2019inizio di un cammino per il pieno riconoscimento di una potest\u00e0 primaria fissata dallo Statuto.<\/p>\n<p>Con questo schema di decreto legislativo contenente le norme di attuazione dello Statuto in materia di acque abbiamo posto le basi perch\u00e9 lo Stato ci riconosca la nostra specialit\u00e0 in questo settore strategico. A 70 anni dalla nascita dello Statuto, \u00e8 un fatto storico\u201d, dice il Presidente della Giunta regionale.<\/p>\n<p>\u201cL\u2019approvazione dello schema da parte della Giunta \u2013 prosegue Solinas - consente di avviare l\u2019iter per la valorizzazione e l\u2019inquadramento come norma di legge della specialit\u00e0 della Sardegna in materia di acque di superficie, ratificando il passaggio della propriet\u00e0 e trasferendo anche competenze e poteri dallo Stato alla Regione. Abbiamo compiuto un primo passo importantissimo che porter\u00e0 la Sardegna ad appropriarsi del controllo del bene acqua, conclude il Presidente. Autonomia, specialit\u00e0 e insularit\u00e0 sono i temi che questa Giunta ha ben presente in ogni suo atto, convinti che l\u2019Autonomia deve tradursi in atti concreti.<\/p>\n<p>Lo strumento normativo approvato \u201cNorme di attuazione dello Statuto in materia di acque pubbliche\u201d verr\u00e0 ora trasmesso alla Commissione paritetica Stato-Regione. Fatta esclusione per il demanio marittimo, sono interessate dallo schema normativo tutte le acque di superficie, fiumi, corsi d\u2019acqua, invasi e laghi, zone umide quindi stagni e paludi. La Regione potr\u00e0 anche esercitare tutte le competenze relative al rilascio dei titoli concessori e autorizzatori per l\u2019uso delle acque pubbliche, la polizia idraulica e la difesa delle acque dall\u2019inquinamento.<\/p>\n<p>E sempre secondo quanto previsto dallo schema normativo sar\u00e0 infine compito della Regione tenere l\u2019elenco di tutte le acque pubbliche e perseguire la salvaguardia, tutela e miglioramento della qualit\u00e0 ambientale attraverso un utilizzo idrico sostenibile fondato sulla protezione a lungo termine delle risorse idriche disponibili. Un tema, quello della propriet\u00e0 delle acque di superficie, che non pu\u00f2 essere infatti slegato dalle tematiche di carattere ambientale: \u201cA livello mondiale, uno dei principali effetti dei cambiamenti climatici \u00e8 la scarsit\u00e0 di acqua dolce, aggravata dall\u2019aumento della popolazione e dallo spreco della risorsa in agricoltura\u201d, spiega l\u2019Assessore dei Lavori Pubblici Roberto Frongia che parla di \u201cmomento storico\u201d. \u201cOggi\u00a0\u2013 prosegue Frongia - abbiamo il dovere di pensare a politiche di sviluppo sostenibili, anche in chiave di razionalizzazione e risparmio idrico. Per fare questo, in autonomia ma con lungimiranza rispetto alle future generazioni, dobbiamo avere la possibilit\u00e0 di decidere come utilizzare la risorsa idrica superficiale, che per un\u2019Isola come la Sardegna \u00e8 preziosa. Le norme di attuazione dello Statuto rappresentano il passo decisivo per l\u2019autonomia della regione Sardegna in materia di acque\u201d.<\/p>\n<p>In seguito all\u2019approvazione dello schema di decreto legislativo da parte della Giunta regionale verr\u00e0 attivata una seduta della Commissione paritetica con l\u2019obiettivo approvare il testo e dare efficacia alle norme di attuazione. Attraverso le norme di attuazione dello Statuto \u2013 che diventano disposizioni legislative emanate dal Governo nazionale su proposta della Commissione paritetica, sentito il Consiglio regionale \u2013 verranno trasferite competenze e potest\u00e0 alla Regione. Com<\/p>\n","protected":false},"excerpt":{"rendered":"<p>Cagliari, 12 Ott 2019\u00a0&#8211; Trasferire alla Regione la propriet\u00e0 delle acque pubbliche presenti nel territorio regionale e le concessioni di derivazione idrica che fino a&#8230;<\/p>\n","protected":false},"author":2,"featured_media":180031,"comment_status":"closed","ping_status":"closed","sticky":false,"template":"","format":"standard","meta":[],"categories":[49,51,52],"tags":[],"_links":{"self":[{"href":"https:\/\/www.cronacaonline.it\/index.php\/wp-json\/wp\/v2\/posts\/180060"}],"collection":[{"href":"https:\/\/www.cronacaonline.it\/index.php\/wp-json\/wp\/v2\/posts"}],"about":[{"href":"https:\/\/www.cronacaonline.it\/index.php\/wp-json\/wp\/v2\/types\/post"}],"author":[{"embeddable":true,"href":"https:\/\/www.cronacaonline.it\/index.php\/wp-json\/wp\/v2\/users\/2"}],"replies":[{"embeddable":true,"href":"https:\/\/www.cronacaonline.it\/index.php\/wp-json\/wp\/v2\/comments?post=180060"}],"version-history":[{"count":0,"href":"https:\/\/www.cronacaonline.it\/index.php\/wp-json\/wp\/v2\/posts\/180060\/revisions"}],"wp:featuredmedia":[{"embeddable":true,"href":"https:\/\/www.cronacaonline.it\/index.php\/wp-json\/wp\/v2\/media\/180031"}],"wp:attachment":[{"href":"https:\/\/www.cronacaonline.it\/index.php\/wp-json\/wp\/v2\/media?parent=180060"}],"wp:term":[{"taxonomy":"category","embeddable":true,"href":"https:\/\/www.cronacaonline.it\/index.php\/wp-json\/wp\/v2\/categories?post=180060"},{"taxonomy":"post_tag","embeddable":true,"href":"https:\/\/www.cronacaonline.it\/index.php\/wp-json\/wp\/v2\/tags?post=180060"}],"curies":[{"name":"wp","href":"https:\/\/api.w.org\/{rel}","templated":true}]}}