{"id":172688,"date":"2019-04-06T08:26:49","date_gmt":"2019-04-06T06:26:49","guid":{"rendered":"http:\/\/www.cronacaonline.it\/public\/content\/?p=172688"},"modified":"2019-04-06T08:26:49","modified_gmt":"2019-04-06T06:26:49","slug":"ieri-in-sardegna-il-prefetto-franco-gabrielli","status":"publish","type":"post","link":"https:\/\/www.cronacaonline.it\/index.php\/2019\/04\/06\/ieri-in-sardegna-il-prefetto-franco-gabrielli\/","title":{"rendered":"Ieri in Sardegna il prefetto Franco Gabrielli"},"content":{"rendered":"<p>Cagliari, 6 Apr 2019 - Ieri, il Capo della Polizia, Direttore Generale della Pubblica Sicurezza Prefetto Franco Gabrielli, accompagnato dal Questore dr. Pierluigi d\u2019Angelo, ha incontrato gli alunni e gli studenti della scuola Primaria di primo e secondo grado dell\u2019Istituto Comprensivo Statale n\u00b0 2 di Sinnai.<\/p>\n<p>L\u2019incontro si \u00e8 svolto nell\u2019Aula Magna della scuola alla presenza di autorit\u00e0, dirigenti scolastici, docenti e ad una rappresentanza dei diversi uffici della Polizia di Stato che hanno portato avanti i progetti di educazione alla legalit\u00e0 affrontando con i ragazzi i temi della solidariet\u00e0 sociale, del rispetto delle regole e del senso civico, soffermandosi sugli argomenti legati al fenomeno del bullismo, al corretto uso dei social e del rispetto delle regole del Codice della strada.<\/p>\n<p>Il Prefetto Gabrielli, dopo essersi rivolto agli studenti soffermandosi sui diversi temi della legalit\u00e0 e della attivit\u00e0 di polizia al servizio dei cittadini, si \u00e8 intrattenuto con i ragazzi rispondendo ad alcune loro domande.<\/p>\n<p>Al termine il Capo della Polizia ha fatto visita alla Questura incontrando, nella Sala Conferenze, le rappresentanze dei Funzionari, dei poliziotti e del personale civile in servizio in tutti gli uffici e reparti della polizia di stato in provincia. All\u2019incontro hanno partecipato anche i Segretari provinciali delle organizzazioni sindacali della Polizia di Stato e delle Sezioni dell\u2019Associazione Nazionale Polizia di Stato di Cagliari e Carbonia.<\/p>\n","protected":false},"excerpt":{"rendered":"<p>Cagliari, 6 Apr 2019 &#8211; Ieri, il Capo della Polizia, Direttore Generale della Pubblica Sicurezza Prefetto Franco Gabrielli, accompagnato dal Questore dr. Pierluigi d\u2019Angelo, ha&#8230;<\/p>\n","protected":false},"author":2,"featured_media":172689,"comment_status":"closed","ping_status":"closed","sticky":false,"template":"","format":"standard","meta":[],"categories":[49,51,53],"tags":[],"_links":{"self":[{"href":"https:\/\/www.cronacaonline.it\/index.php\/wp-json\/wp\/v2\/posts\/172688"}],"collection":[{"href":"https:\/\/www.cronacaonline.it\/index.php\/wp-json\/wp\/v2\/posts"}],"about":[{"href":"https:\/\/www.cronacaonline.it\/index.php\/wp-json\/wp\/v2\/types\/post"}],"author":[{"embeddable":true,"href":"https:\/\/www.cronacaonline.it\/index.php\/wp-json\/wp\/v2\/users\/2"}],"replies":[{"embeddable":true,"href":"https:\/\/www.cronacaonline.it\/index.php\/wp-json\/wp\/v2\/comments?post=172688"}],"version-history":[{"count":0,"href":"https:\/\/www.cronacaonline.it\/index.php\/wp-json\/wp\/v2\/posts\/172688\/revisions"}],"wp:featuredmedia":[{"embeddable":true,"href":"https:\/\/www.cronacaonline.it\/index.php\/wp-json\/wp\/v2\/media\/172689"}],"wp:attachment":[{"href":"https:\/\/www.cronacaonline.it\/index.php\/wp-json\/wp\/v2\/media?parent=172688"}],"wp:term":[{"taxonomy":"category","embeddable":true,"href":"https:\/\/www.cronacaonline.it\/index.php\/wp-json\/wp\/v2\/categories?post=172688"},{"taxonomy":"post_tag","embeddable":true,"href":"https:\/\/www.cronacaonline.it\/index.php\/wp-json\/wp\/v2\/tags?post=172688"}],"curies":[{"name":"wp","href":"https:\/\/api.w.org\/{rel}","templated":true}]}}