{"id":171105,"date":"2019-02-18T10:29:02","date_gmt":"2019-02-18T09:29:02","guid":{"rendered":"http:\/\/www.cronacaonline.it\/public\/content\/?p=171105"},"modified":"2019-02-18T10:29:02","modified_gmt":"2019-02-18T09:29:02","slug":"fine-settimana-impegnati-per-i-carabinieri-del-comando-provinciale-di-cagliari-arrestato-un-48enne-di-cagliari-per-detenzione-ai-fini-di-spaccio-di-stupefacenti","status":"publish","type":"post","link":"https:\/\/www.cronacaonline.it\/index.php\/2019\/02\/18\/fine-settimana-impegnati-per-i-carabinieri-del-comando-provinciale-di-cagliari-arrestato-un-48enne-di-cagliari-per-detenzione-ai-fini-di-spaccio-di-stupefacenti\/","title":{"rendered":"Fine settimana impegnati per i carabinieri del comando provinciale di Cagliari: arrestato un 48enne di Cagliari per detenzione ai fini di spaccio di stupefacenti"},"content":{"rendered":"<p>Cagliari 18 Feb 2019 - Il fine settimana scorso \u00e8 stato impegnati per i carabinieri Nel Nucleo investigativo del comando provinciale di Cagliari.<\/p>\n<p>Una squadra speciale del Nucleo, che ha specifici compiti di contrasto alla detenzione ed allo spaccio di droga \"su strada\", ha effettuato una decina di perquisizioni personali e domiciliari nei confronti di pregiudicati cagliaritani, con controlli effettuati in tutti i quartieri della citt\u00e0, sia sulle principali piazze che nelle note vie caratterizzate dal fenomeno dello spaccio.<\/p>\n<p>Nel corso dell\u2019attivit\u00e0 antidroga, nella famigerata via Seruci, un 48enne con precedenti penali, \u00e8 stato trovato in possesso di 30 grammi di eroina nascosti in una tasca interna del giubbotto. Quindi l'uomo \u00e8 stato dichiarato in arresto e stamattina sar\u00e0 giudicato con rito direttissimo.<\/p>\n<p>Inoltre, nel corso di una perquisizione in una palazzina, \u00e8 stata rinvenuta in una mansarda ad uso condominiale, nascosta dietro una cisterna d'acqua, una busta di plastica contenente 115 grammi di marijuana, diretta ad essere venduta nella zona.<\/p>\n<p>Lo stupefacente \u00e8 stato posto sotto sequestro e sono ancora in corso verifiche per accertare chi ne avesse la detenzione.<\/p>\n","protected":false},"excerpt":{"rendered":"<p>Cagliari 18 Feb 2019 &#8211; Il fine settimana scorso \u00e8 stato impegnati per i carabinieri Nel Nucleo investigativo del comando provinciale di Cagliari. Una squadra&#8230;<\/p>\n","protected":false},"author":2,"featured_media":115960,"comment_status":"closed","ping_status":"closed","sticky":false,"template":"","format":"standard","meta":[],"categories":[49,51,55],"tags":[],"_links":{"self":[{"href":"https:\/\/www.cronacaonline.it\/index.php\/wp-json\/wp\/v2\/posts\/171105"}],"collection":[{"href":"https:\/\/www.cronacaonline.it\/index.php\/wp-json\/wp\/v2\/posts"}],"about":[{"href":"https:\/\/www.cronacaonline.it\/index.php\/wp-json\/wp\/v2\/types\/post"}],"author":[{"embeddable":true,"href":"https:\/\/www.cronacaonline.it\/index.php\/wp-json\/wp\/v2\/users\/2"}],"replies":[{"embeddable":true,"href":"https:\/\/www.cronacaonline.it\/index.php\/wp-json\/wp\/v2\/comments?post=171105"}],"version-history":[{"count":0,"href":"https:\/\/www.cronacaonline.it\/index.php\/wp-json\/wp\/v2\/posts\/171105\/revisions"}],"wp:featuredmedia":[{"embeddable":true,"href":"https:\/\/www.cronacaonline.it\/index.php\/wp-json\/"}],"wp:attachment":[{"href":"https:\/\/www.cronacaonline.it\/index.php\/wp-json\/wp\/v2\/media?parent=171105"}],"wp:term":[{"taxonomy":"category","embeddable":true,"href":"https:\/\/www.cronacaonline.it\/index.php\/wp-json\/wp\/v2\/categories?post=171105"},{"taxonomy":"post_tag","embeddable":true,"href":"https:\/\/www.cronacaonline.it\/index.php\/wp-json\/wp\/v2\/tags?post=171105"}],"curies":[{"name":"wp","href":"https:\/\/api.w.org\/{rel}","templated":true}]}}