{"id":170970,"date":"2019-02-13T17:34:14","date_gmt":"2019-02-13T16:34:14","guid":{"rendered":"http:\/\/www.cronacaonline.it\/public\/content\/?p=170970"},"modified":"2019-02-13T17:34:14","modified_gmt":"2019-02-13T16:34:14","slug":"capitaneria-di-porto-guardia-costiera-di-cagliari-attivita-di-controllo-pesca-sequestro-di-attrezzature-da-pesca-e-pescato","status":"publish","type":"post","link":"https:\/\/www.cronacaonline.it\/index.php\/2019\/02\/13\/capitaneria-di-porto-guardia-costiera-di-cagliari-attivita-di-controllo-pesca-sequestro-di-attrezzature-da-pesca-e-pescato\/","title":{"rendered":"Capitaneria di Porto-Guardia Costiera di Cagliari attivit\u00e0 di controllo pesca: sequestro di attrezzature da pesca e pescato"},"content":{"rendered":"<p>Cagliari, 13 Feb 2019 - Questa mattina, nel corso delle consuete attivit\u00e0 di controllo in materia di pesca marittima assicurate dal personale della Guardia Costiera di Cagliari e di Sarroch, sono stati posti sotto sequestro oltre 300 mt. di rete ed il relativo pescato.<\/p>\n<p>L\u2019operazione \u00e8 stata compiuta nelle acque prospicenti i pontili della raffineria Saras, in localit\u00e0 Sarroch, nei confronti di un pescatore \u201csportivo\u201d che, a bordo di un natante da diporto, svolgeva attivit\u00e0 di pesca con attrezzi non consentiti, in un tratto di mare interdetto alla pesca.<\/p>\n<p>Duplice, pertanto, la violazione contestata al trasgressore dall\u2019equipaggio del battello GC A-67, che, oltre al sequestro dell\u2019attrezzo da pesca e del pescato ha avuta multa di 1.000,00 Euro.<\/p>\n<p>Nel corso dell\u2019attivit\u00e0 di polizia \u00e8 stato coinvolto il servizio veterinario della locale Autorit\u00e0 sanitaria per verificare la commestibilit\u00e0 del pescato sequestrato, che, qualora confermata, ne consentir\u00e0 la donazione ad enti benefici e caritatevoli, ovvero, in caso contrario, la necessaria distruzione.<\/p>\n<p>L\u2019attivit\u00e0 di vigilanza assicurata dal personale del Corpo delle Capitaneria di Porto \u2013 Guardia Costiera, \u00e8 finalizzata a garantire che l\u2019intera filiera della pesca marittima, dal pescato al consumo dei prodotti della pesca, sia costantemente controllata non solo per preservare le risorse ittiche del luogo, ma anche per tutelare i pescatori professionali, che quotidianamente svolgono la propria attivit\u00e0 nel rispetto delle leggi, e i consumatori, che hanno il diritto di acquistare prodotti sani e perfettamente commestibili.<\/p>\n<p><strong>\u00a0<\/strong><\/p>\n","protected":false},"excerpt":{"rendered":"<p>Cagliari, 13 Feb 2019 &#8211; Questa mattina, nel corso delle consuete attivit\u00e0 di controllo in materia di pesca marittima assicurate dal personale della Guardia Costiera&#8230;<\/p>\n","protected":false},"author":2,"featured_media":170972,"comment_status":"closed","ping_status":"closed","sticky":false,"template":"","format":"standard","meta":[],"categories":[49,51,55],"tags":[],"_links":{"self":[{"href":"https:\/\/www.cronacaonline.it\/index.php\/wp-json\/wp\/v2\/posts\/170970"}],"collection":[{"href":"https:\/\/www.cronacaonline.it\/index.php\/wp-json\/wp\/v2\/posts"}],"about":[{"href":"https:\/\/www.cronacaonline.it\/index.php\/wp-json\/wp\/v2\/types\/post"}],"author":[{"embeddable":true,"href":"https:\/\/www.cronacaonline.it\/index.php\/wp-json\/wp\/v2\/users\/2"}],"replies":[{"embeddable":true,"href":"https:\/\/www.cronacaonline.it\/index.php\/wp-json\/wp\/v2\/comments?post=170970"}],"version-history":[{"count":0,"href":"https:\/\/www.cronacaonline.it\/index.php\/wp-json\/wp\/v2\/posts\/170970\/revisions"}],"wp:featuredmedia":[{"embeddable":true,"href":"https:\/\/www.cronacaonline.it\/index.php\/wp-json\/wp\/v2\/media\/170972"}],"wp:attachment":[{"href":"https:\/\/www.cronacaonline.it\/index.php\/wp-json\/wp\/v2\/media?parent=170970"}],"wp:term":[{"taxonomy":"category","embeddable":true,"href":"https:\/\/www.cronacaonline.it\/index.php\/wp-json\/wp\/v2\/categories?post=170970"},{"taxonomy":"post_tag","embeddable":true,"href":"https:\/\/www.cronacaonline.it\/index.php\/wp-json\/wp\/v2\/tags?post=170970"}],"curies":[{"name":"wp","href":"https:\/\/api.w.org\/{rel}","templated":true}]}}