{"id":169301,"date":"2019-01-03T16:53:33","date_gmt":"2019-01-03T15:53:33","guid":{"rendered":"http:\/\/www.cronacaonline.it\/public\/content\/?p=169301"},"modified":"2019-01-03T16:53:33","modified_gmt":"2019-01-03T15:53:33","slug":"condizioni-meteo-in-peggioramento-assessora-spano-massima-prudenza-nelle-strade-dellisola","status":"publish","type":"post","link":"https:\/\/www.cronacaonline.it\/index.php\/2019\/01\/03\/condizioni-meteo-in-peggioramento-assessora-spano-massima-prudenza-nelle-strade-dellisola\/","title":{"rendered":"Condizioni meteo in peggioramento, Assessora Spano: massima prudenza nelle strade dell\u2019isola"},"content":{"rendered":"<p>Cagliari, 3 Gen 2019 -\u00a0\u201cIl comunicato di condizioni meteo avverse diramato\u00a0oggi\u00a0dalla Protezione civile della Regione Sardegna suggerisce a tutti la massima prudenza nelle strade dell\u2019Isola, in particolare per coloro che viaggiano su mezzi a due ruote, alla luce del considerevole abbassamento delle temperature previsto per le prossime ore.<\/p>\n<p>Da zona a zona la situazione potr\u00e0 mutare notevolmente, tuttavia in molte localit\u00e0 sar\u00e0 alta la possibilit\u00e0 della formazione di ghiaccio. E questo a prescindere dalle eventuali nevicate che dovessero verificarsi a certe quote. Raccomandiamo a tutti di attenersi alle disposizioni date dalla Protezione civile\u201d. Cos\u00ec l\u2019assessora della Difesa dell\u2019Ambiente, Donatella Spano.<\/p>\n","protected":false},"excerpt":{"rendered":"<p>Cagliari, 3 Gen 2019 &#8211;\u00a0\u201cIl comunicato di condizioni meteo avverse diramato\u00a0oggi\u00a0dalla Protezione civile della Regione Sardegna suggerisce a tutti la massima prudenza nelle strade dell\u2019Isola,&#8230;<\/p>\n","protected":false},"author":2,"featured_media":152177,"comment_status":"closed","ping_status":"closed","sticky":false,"template":"","format":"standard","meta":[],"categories":[49,51,52],"tags":[],"_links":{"self":[{"href":"https:\/\/www.cronacaonline.it\/index.php\/wp-json\/wp\/v2\/posts\/169301"}],"collection":[{"href":"https:\/\/www.cronacaonline.it\/index.php\/wp-json\/wp\/v2\/posts"}],"about":[{"href":"https:\/\/www.cronacaonline.it\/index.php\/wp-json\/wp\/v2\/types\/post"}],"author":[{"embeddable":true,"href":"https:\/\/www.cronacaonline.it\/index.php\/wp-json\/wp\/v2\/users\/2"}],"replies":[{"embeddable":true,"href":"https:\/\/www.cronacaonline.it\/index.php\/wp-json\/wp\/v2\/comments?post=169301"}],"version-history":[{"count":0,"href":"https:\/\/www.cronacaonline.it\/index.php\/wp-json\/wp\/v2\/posts\/169301\/revisions"}],"wp:featuredmedia":[{"embeddable":true,"href":"https:\/\/www.cronacaonline.it\/index.php\/wp-json\/wp\/v2\/media\/152177"}],"wp:attachment":[{"href":"https:\/\/www.cronacaonline.it\/index.php\/wp-json\/wp\/v2\/media?parent=169301"}],"wp:term":[{"taxonomy":"category","embeddable":true,"href":"https:\/\/www.cronacaonline.it\/index.php\/wp-json\/wp\/v2\/categories?post=169301"},{"taxonomy":"post_tag","embeddable":true,"href":"https:\/\/www.cronacaonline.it\/index.php\/wp-json\/wp\/v2\/tags?post=169301"}],"curies":[{"name":"wp","href":"https:\/\/api.w.org\/{rel}","templated":true}]}}