{"id":167547,"date":"2018-11-23T19:15:05","date_gmt":"2018-11-23T18:15:05","guid":{"rendered":"http:\/\/www.cronacaonline.it\/public\/content\/?p=167547"},"modified":"2018-11-23T19:15:05","modified_gmt":"2018-11-23T18:15:05","slug":"pesca-pigliaru-e-assessora-spano-e-caria-incontrano-i-pescatori-della-laguna-di-cabras-per-soluzione-danni-da-fauna-selvatica","status":"publish","type":"post","link":"https:\/\/www.cronacaonline.it\/index.php\/2018\/11\/23\/pesca-pigliaru-e-assessora-spano-e-caria-incontrano-i-pescatori-della-laguna-di-cabras-per-soluzione-danni-da-fauna-selvatica\/","title":{"rendered":"Pesca: Pigliaru e assessora Spano e caria incontrano i pescatori della laguna di Cabras per soluzione danni da fauna selvatica"},"content":{"rendered":"<p>Cabras, 23 Nov 2018\u00a0- Il presidente Francesco Pigliaru e gli assessori dell'Ambiente e dell'Agricoltura, Donatella Spano e Pier Luigi Caria, hanno incontrato questa mattina a Cabras i pescatori dell'Oristanese sulla questione dei danni provocati dalla fauna selvatica. Dalla Giunta \u00e8 arrivata piena comprensione e disponibilit\u00e0 a trovare soluzioni che preservino i lavoratori e l'attivit\u00e0 economica. \"Se il prodotto \u00e8 crollato da 400 a 170 quintali abbiamo un problema gigantesco che intendiamo risolvere partendo dalle persone e mettendo in fila tutte le possibili soluzioni\", ha detto i presidente Francesco Pigliaru. \"Crediamo che sia importante definire un numero di cormorani compatibile con un pescato che garantisca l'attuale forza lavoro, piuttosto che fare assistenzialismo. Vogliamo preservare una tradizione e un'attivit\u00e0 economica il cui valore \u00e8 destinato ad aumentare sempre di pi\u00f9, grazie alla certificazione e all'innalzamento della quantit\u00e0 dei prodotti\", ha concluso il Presidente, citando i grandi sforzi della Regione nell'agroalimentare. Luned\u00ec prossimo prenderanno avvio gli abbattimenti programmati per novembre, il cui numero \u00e8 stato calcolato sulla base dei due censimenti effettuati dalla societ\u00e0 incaricata dalla Provincia.<\/p>\n<p>L'assessore Spano ha ripercorso il senso dei precedenti incontri con i pescatori, utili alla definizione del problema, e ha espresso vicinanza a chi vive del comparto. \"Abbiamo gi\u00e0 portato avanti sia attivit\u00e0 sperimentali come l'uso delle reti sia attivit\u00e0 di contenimento dei cormorani con l'approvazione dell'apposito Piano 2016-2018, finalizzato a rendere il territorio inospitale ai cormorani\", ha sottolineato la titolare dell'Ambiente, che proprio a proposito del Piano approvato da Ispra, ha aggiunto: \"L'Assessorato,\u00a0evidenziando l'insostenibilit\u00e0 della situazione attuale,\u00a0sta chiedendo a Ispra un aumento del contingente abbattibile.\u00a0Sar\u00e0 poi competenza della Provincia di Oristano predisporre il nuovo Piano di contenimento triennale. Ma \u00e8 importante che anche la voce dei territori arrivi al Governo. Noi abbiamo gi\u00e0 scritto al ministro Costa e al ministro Centinaio per chiedere un impegno serio, risolutivo a livello europeo. Il problema non \u00e8 solo della Sardegna ma riguarda tutte le Regioni. Infatti - ha concluso\u00a0Spano\u00a0- su proposta proprio della Sardegna, la Commissione Ambiente della Conferenza delle Regioni ha fatto proprio un documento sul tema ed \u00e8 stato presentato un ordine del giorno alla Conferenza Stato-Regioni con richiesta di impegno di intervento all'Unione europea sulle strategie per contenere o almeno stabilizzare la popolazione di cormorani intervenendo soprattutto sui siti di nidificazione localizzati nel Nord Europa\".<\/p>\n<p>Vicinanza \u00e8 stata espressa anche dall'assessore\u00a0Caria, il quale ha sottolineato il percorso fatto dall'apposita commissione per il calcolo del danno da cormorani. \"L'aiuto \u00e8 un palliativo e non certo la strada migliore, anche perch\u00e9 ci sono dei parametri specifici nel trasferire le risorse. Abbiamo rimodulato persino il Feamp, il fondo per la politica marittima e della pesca dell'UE, utilizzando un milione dei 45 investiti sulla calamit\u00e0 per siccit\u00e0. Abbiamo quindi\u00a0oggi\u00a02 milioni di euro e ora c'\u00e8 la Finanziaria per cui vediamo le manovre di assestamento del prossimo anno e come si svilupper\u00e0 il calcolo sulla base di criteri e parametri\". Il titolare dell'Agricoltura ha poi proseguito: \"In due anni c'\u00e8 un calo drastico nella pesca che giustifica il livello di preoccupazione, con i fatturati passati da oltre 3,776 milioni nel 2016 a 2,294 milioni nel 2018. Dobbiamo trovare soluzione immediate e cavalcare quelle a lungo raggio\".\u00a0Red<\/p>\n","protected":false},"excerpt":{"rendered":"<p>Cabras, 23 Nov 2018\u00a0&#8211; Il presidente Francesco Pigliaru e gli assessori dell&#8217;Ambiente e dell&#8217;Agricoltura, Donatella Spano e Pier Luigi Caria, hanno incontrato questa mattina a&#8230;<\/p>\n","protected":false},"author":2,"featured_media":167548,"comment_status":"closed","ping_status":"closed","sticky":false,"template":"","format":"standard","meta":[],"categories":[49,51,52],"tags":[],"_links":{"self":[{"href":"https:\/\/www.cronacaonline.it\/index.php\/wp-json\/wp\/v2\/posts\/167547"}],"collection":[{"href":"https:\/\/www.cronacaonline.it\/index.php\/wp-json\/wp\/v2\/posts"}],"about":[{"href":"https:\/\/www.cronacaonline.it\/index.php\/wp-json\/wp\/v2\/types\/post"}],"author":[{"embeddable":true,"href":"https:\/\/www.cronacaonline.it\/index.php\/wp-json\/wp\/v2\/users\/2"}],"replies":[{"embeddable":true,"href":"https:\/\/www.cronacaonline.it\/index.php\/wp-json\/wp\/v2\/comments?post=167547"}],"version-history":[{"count":0,"href":"https:\/\/www.cronacaonline.it\/index.php\/wp-json\/wp\/v2\/posts\/167547\/revisions"}],"wp:featuredmedia":[{"embeddable":true,"href":"https:\/\/www.cronacaonline.it\/index.php\/wp-json\/"}],"wp:attachment":[{"href":"https:\/\/www.cronacaonline.it\/index.php\/wp-json\/wp\/v2\/media?parent=167547"}],"wp:term":[{"taxonomy":"category","embeddable":true,"href":"https:\/\/www.cronacaonline.it\/index.php\/wp-json\/wp\/v2\/categories?post=167547"},{"taxonomy":"post_tag","embeddable":true,"href":"https:\/\/www.cronacaonline.it\/index.php\/wp-json\/wp\/v2\/tags?post=167547"}],"curies":[{"name":"wp","href":"https:\/\/api.w.org\/{rel}","templated":true}]}}