{"id":167538,"date":"2018-11-23T16:35:54","date_gmt":"2018-11-23T15:35:54","guid":{"rendered":"http:\/\/www.cronacaonline.it\/public\/content\/?p=167538"},"modified":"2018-11-23T16:35:54","modified_gmt":"2018-11-23T15:35:54","slug":"nuovo-cpi-di-oristano-pigliaru-e-mura-la-sardegna-allavanguardia-sui-centri-per-limpiego","status":"publish","type":"post","link":"https:\/\/www.cronacaonline.it\/index.php\/2018\/11\/23\/nuovo-cpi-di-oristano-pigliaru-e-mura-la-sardegna-allavanguardia-sui-centri-per-limpiego\/","title":{"rendered":"Nuovo Cpi Di Oristano, Pigliaru e Mura: la Sardegna all\u2019avanguardia sui centri per l\u2019impiego"},"content":{"rendered":"<p>Oristano, 23 Nov 2018\u00a0- \u201cQuando siamo arrivati noi, nel 2014, i Centri per l\u2019Impiego erano frazionati, dispersi, invisibili, irriconoscibili. Nella maggior parte d\u2019Italia la situazione \u00e8 ancora questa, ed \u00e8 uno scandalo che un Paese con un tasso di disoccupazione tanto alto non possa contare su un\u2019infrastruttura cos\u00ec essenziale\u201d, ha detto il presidente Pigliaru, intervenuto\u00a0oggi\u00a0al taglio del nastro della nuova sede del Centro per l\u2019Impiego di Oristano, con l\u2019assessora del Lavoro, Virginia Mura, il sindaco di Oristano, Andrea Lutzu, e il direttore generale dell\u2019Aspal, Massimo Temussi. \u201cLa Sardegna invece, come ormai si verifica su molti fronti, dalla Protezione civile alla scuola sino alla gestione dei rifiuti solo per citarne alcuni, si sta dimostrando all\u2019avanguardia: la nostra regione - ha sottolineato -\u00a0oggi\u00a0\u00e8 uno dei pochissimi posti d'Italia in cui chi ha bisogno di trovare un'occupazione o vuole fare impresa sa dove rivolgersi avendo la certezza di trovare ascolto, aiuto, orientamento. Grandi passi in avanti sono stati fatti grazie al lavoro dell\u2019Assessorato e dell\u2019Aspal, risultati di cui siamo giustamente orgogliosi, ma da soli possiamo arrivare sino a un certo punto. Abbiamo bisogno di essere in una rete nazionale che funzioni, e per questo speriamo che il resto d\u2019Italia ci segua e lo faccia in tempi rapidi. E va detto anche che il clima di sfiducia che sta montando nel nostro Paese influenza negativamente le imprese, che nell\u2019incertezza non investono e non assumono. Noi remiamo per creare lavoro - ha concluso Francesco Pigliaru -, ma dobbiamo remare tutti insieme\u201d.<\/p>\n<p>\u201cI dati sull\u2019occupazione ci incoraggiano\" ha dichiarato l\u2019assessora Mura. \"Gli ultimi di ieri, della Banca d\u2019Italia, parlano di un +3,5% di occupazione in Sardegna. Anche i dati sulla flessione della disoccupazione giovanile ci confortano. C\u2019\u00e8 molto da fare, ma noi stiamo organizzando le strutture per accogliere al meglio i disoccupati e per orientarli, e cos\u00ec dare a loro disposizione dei servizi efficienti. Siamo consapevoli che stiamo facendo bene. A livello nazionale siamo il battistrada sul fronte della riforma dei servizi per il lavoro. In questo e negli altri CPI della Sardegna vogliamo che non solo i disoccupati, ma anche le aziende del territorio trovino un punto di riferimento, in modo che si possa realizzare l\u2019incontro tra domanda e offerta di lavoro. Abbiamo anche un personale nuovo e formato, a partire dai job account, che vanno dalle imprese per illustrare le opportunit\u00e0 loro dedicate. La nostra \u00e8 una macchina amministrativa ormai funzionante ed \u00e8 in grado di concorrere, col suo apporto, al calo della disoccupazione. Sopra ogni cosa, vogliamo trattenere i ragazzi nella nostra Terra\u201d.<\/p>\n<p>\"Con l'apertura di\u00a0oggi, un altro capoluogo di provincia avr\u00e0 un nuovo Centro per l'impiego, capace di rispondere al bisogno di servizi pubblici per il lavoro efficienti e di strutture accoglienti per l'utenza. Proprio in questa area l'Aspal ha avviato la sperimentazione di un nuovo modello nel rapporto con i cittadini e con le imprese, pi\u00f9 aperto e collaborativo, in sintonia con un mercato del lavoro dinamico e in continua evoluzione. L'abbiamo fatto con una serie di iniziative che hanno visto la partecipazione degli operatori ad eventi e manifestazioni aperte al grande pubblico, e\u00a0oggi\u00a0lo facciamo dando alla collettivit\u00e0 un luogo nel quale trovare un supporto anche specialistico nella ricerca attiva del lavoro\". Cos\u00ec il Direttore Generale dell'Aspal, Massimo Temussi, ha commentato l'apertura della sede del CPI di Oristano. \"L'Aspal - ha proseguito Temussi - sta investendo molto nella qualit\u00e0 e nella performance dei servizi offerti, alcuni dei quali come il job account sono del tutto innovativi, scommettendo su uno stretto rapporto con le imprese e sulla collaborazione con tutte le istituzioni locali\".<\/p>\n<p>Sono 19.200 i disoccupati iscritti al CPI di Oristano. Dall\u2019inizio dell\u2019anno a\u00a0oggi\u00a0vi sono stati sottoscritti\u00a02.530 Patti di servizio personalizzati. I servizi erogati dal CPI nel corrente anno sono: accoglienza, orientamento, incontro domanda e offerta, inclusione socio-lavorativa, e autoimpiego) sono\u00a014.400.<\/p>\n<p>&nbsp;<\/p>\n<p>Il CPI di Oristano fa parte di un sistema di 28 Centri per l\u2019Impiego, 12 ulteriori sportelli decentrati e sportelli dedicati nelle principali carceri sarde, con personale qualificato (anche mediatori culturali). Una macchina organizzativa ormai a pieno regime realizzata attraverso la Legge regionale n\u00b0 9 del 2016, che ha istituito anche l\u2019Agenzia Sarda per le Politiche Attive \u2013 Aspal. La rete isolana dei Servizi del l\u2019impiego serve un totale di 571.200 disoccupati iscritti ai CPI. A livello regionale sono\u00a098.900 i Patti di servizio personalizzati sottoscritti nell\u2019anno in corso. Red<\/p>\n","protected":false},"excerpt":{"rendered":"<p>Oristano, 23 Nov 2018\u00a0&#8211; \u201cQuando siamo arrivati noi, nel 2014, i Centri per l\u2019Impiego erano frazionati, dispersi, invisibili, irriconoscibili. Nella maggior parte d\u2019Italia la situazione&#8230;<\/p>\n","protected":false},"author":2,"featured_media":167539,"comment_status":"closed","ping_status":"closed","sticky":false,"template":"","format":"standard","meta":[],"categories":[49,51,52],"tags":[],"_links":{"self":[{"href":"https:\/\/www.cronacaonline.it\/index.php\/wp-json\/wp\/v2\/posts\/167538"}],"collection":[{"href":"https:\/\/www.cronacaonline.it\/index.php\/wp-json\/wp\/v2\/posts"}],"about":[{"href":"https:\/\/www.cronacaonline.it\/index.php\/wp-json\/wp\/v2\/types\/post"}],"author":[{"embeddable":true,"href":"https:\/\/www.cronacaonline.it\/index.php\/wp-json\/wp\/v2\/users\/2"}],"replies":[{"embeddable":true,"href":"https:\/\/www.cronacaonline.it\/index.php\/wp-json\/wp\/v2\/comments?post=167538"}],"version-history":[{"count":0,"href":"https:\/\/www.cronacaonline.it\/index.php\/wp-json\/wp\/v2\/posts\/167538\/revisions"}],"wp:featuredmedia":[{"embeddable":true,"href":"https:\/\/www.cronacaonline.it\/index.php\/wp-json\/"}],"wp:attachment":[{"href":"https:\/\/www.cronacaonline.it\/index.php\/wp-json\/wp\/v2\/media?parent=167538"}],"wp:term":[{"taxonomy":"category","embeddable":true,"href":"https:\/\/www.cronacaonline.it\/index.php\/wp-json\/wp\/v2\/categories?post=167538"},{"taxonomy":"post_tag","embeddable":true,"href":"https:\/\/www.cronacaonline.it\/index.php\/wp-json\/wp\/v2\/tags?post=167538"}],"curies":[{"name":"wp","href":"https:\/\/api.w.org\/{rel}","templated":true}]}}