{"id":167490,"date":"2018-11-22T18:28:19","date_gmt":"2018-11-22T17:28:19","guid":{"rendered":"http:\/\/www.cronacaonline.it\/public\/content\/?p=167490"},"modified":"2018-11-22T18:28:19","modified_gmt":"2018-11-22T17:28:19","slug":"firma-accordo-museo-regionale-del-novecento-ganau-un-progetto-essenziale-per-il-quale-abbiamo-lavorato-duramente","status":"publish","type":"post","link":"https:\/\/www.cronacaonline.it\/index.php\/2018\/11\/22\/firma-accordo-museo-regionale-del-novecento-ganau-un-progetto-essenziale-per-il-quale-abbiamo-lavorato-duramente\/","title":{"rendered":"Firma accordo Museo regionale del Novecento, Ganau:\u00a0\u201cUn progetto essenziale per il quale abbiamo lavorato duramente\u201d"},"content":{"rendered":"<p>Sassari, 22 Nov 2018 \u2013\u00a0\u00abUn progetto nato quattordici anni fa, tanto atteso e sognato per il quale abbiamo lavorato duramente,\u00a0oggi\u00a0una realt\u00e0 importantissima per il territorio e la citt\u00e0 grazie al riconoscimento di \u201cmuseo regionale\u201d, il solo e unico obiettivo a cui aspiravamo e che ora finalmente trova la sua conclusione\u00bb.<\/p>\n<p>Cos\u00ec il presidente del Consiglio regionale, Gianfranco Ganau che questo pomeriggio \u00e8 intervenuto alla firma dell'accordo tra Regione e Provincia di Sassari, presenti il presidente della giunta Francesco Pigliaru e l'amministratore straordinario, Guido Sechi per definire gli atti e gli adempimenti di competenza dei due enti utili alla realizzazione, gestione e funzionamento del Museo per l'Arte del Novecento e del Contemporaneo, ospitato a Sassari nell'ex struttura conventuale del Carmelo.<\/p>\n<p>\u00abCredo sia evidente a tutti\u00a0\u2013 ha sottolineato il presidente Ganau \u2013 che rilevanza abbia per Sassari e il suo territorio la nascita del museo regionale, il cui nucleo iniziale della collezione permanente sar\u00e0 il fondo Biasi che \u00e8 ritornato in citt\u00e0 proprio per essere esposto in questa prestigiosa sede. Una collezione di grandissimo pregio, parte rilevante dell'opera del grande pittore sassarese, tra le collezioni pi\u00f9 importanti del '900 per troppo tempo \u201cnascosta\u201d al grande pubblico. Sono molto soddisfatto\u00a0\u2013 ha aggiunto Ganau -\u00a0che l'idea del polo museale metropolitano stia prendendo forma, un progetto che gi\u00e0 a livello cittadino avevamo studiato quando ero sindaco di Sassari con la nascita della rete Thamus e che ora si estender\u00e0 a tutta l'area metropolitana. Sono convinto \u2013\u00a0ha concluso\u00a0- che il Museo del Novecento e dell'Arte contemporanea possa diventare un punto di riferimento unico per l'intero sistema museale regionale\u00bb.<\/p>\n<p>Al termine dell'incontro il presidente del Consiglio, insieme al presidente Pigliaru e all'amministratore straordinario Guido Sechi hanno visitato, in anteprima, la mostra\u00a0\u201cMaria Lai. Art in Public Space\u201d\u00a0che verr\u00e0 inaugurata\u00a0domani\u00a0alle 18 proprio negli spazi dell'ex convento del Carmelo. Com<\/p>\n","protected":false},"excerpt":{"rendered":"<p>Sassari, 22 Nov 2018 \u2013\u00a0\u00abUn progetto nato quattordici anni fa, tanto atteso e sognato per il quale abbiamo lavorato duramente,\u00a0oggi\u00a0una realt\u00e0 importantissima per il territorio&#8230;<\/p>\n","protected":false},"author":2,"featured_media":167491,"comment_status":"closed","ping_status":"closed","sticky":false,"template":"","format":"standard","meta":[],"categories":[49,51,52],"tags":[],"_links":{"self":[{"href":"https:\/\/www.cronacaonline.it\/index.php\/wp-json\/wp\/v2\/posts\/167490"}],"collection":[{"href":"https:\/\/www.cronacaonline.it\/index.php\/wp-json\/wp\/v2\/posts"}],"about":[{"href":"https:\/\/www.cronacaonline.it\/index.php\/wp-json\/wp\/v2\/types\/post"}],"author":[{"embeddable":true,"href":"https:\/\/www.cronacaonline.it\/index.php\/wp-json\/wp\/v2\/users\/2"}],"replies":[{"embeddable":true,"href":"https:\/\/www.cronacaonline.it\/index.php\/wp-json\/wp\/v2\/comments?post=167490"}],"version-history":[{"count":0,"href":"https:\/\/www.cronacaonline.it\/index.php\/wp-json\/wp\/v2\/posts\/167490\/revisions"}],"wp:featuredmedia":[{"embeddable":true,"href":"https:\/\/www.cronacaonline.it\/index.php\/wp-json\/"}],"wp:attachment":[{"href":"https:\/\/www.cronacaonline.it\/index.php\/wp-json\/wp\/v2\/media?parent=167490"}],"wp:term":[{"taxonomy":"category","embeddable":true,"href":"https:\/\/www.cronacaonline.it\/index.php\/wp-json\/wp\/v2\/categories?post=167490"},{"taxonomy":"post_tag","embeddable":true,"href":"https:\/\/www.cronacaonline.it\/index.php\/wp-json\/wp\/v2\/tags?post=167490"}],"curies":[{"name":"wp","href":"https:\/\/api.w.org\/{rel}","templated":true}]}}