{"id":167465,"date":"2018-11-22T14:17:08","date_gmt":"2018-11-22T13:17:08","guid":{"rendered":"http:\/\/www.cronacaonline.it\/public\/content\/?p=167465"},"modified":"2018-11-22T14:17:08","modified_gmt":"2018-11-22T13:17:08","slug":"zone-umide-lo-stagno-di-posada-e-dellente-parco-tepilora-assessori-paci-e-spanu-sara-valorizzato-allinterno-del-progetto-di-sviluppo-da-15-milioni","status":"publish","type":"post","link":"https:\/\/www.cronacaonline.it\/index.php\/2018\/11\/22\/zone-umide-lo-stagno-di-posada-e-dellente-parco-tepilora-assessori-paci-e-spanu-sara-valorizzato-allinterno-del-progetto-di-sviluppo-da-15-milioni\/","title":{"rendered":"Zone umide, lo stagno di Posada \u00e8 dell\u2019ente Parco Tepilora. Assessori Paci e Spanu: sar\u00e0 valorizzato all\u2019interno del progetto di sviluppo da 15 milioni"},"content":{"rendered":"<p>Cagliari, 22 Nov 2018\u00a0- Nuova vita per lo Stagno di Posada, inserito nell\u2019elenco delle Riserve naturali e riconosciuto dall\u2019Unesco \u201criserva della biosfera\u201d Mab. Con 400mila euro sar\u00e0 acquisito dall\u2019Ente Parco di Tepilora e valorizzato come zona umida nell\u2019ambito del progetto di sviluppo locale da 15 milioni di euro firmato ad agosto dell\u2019anno scorso da Regione e Unione di Comuni del Montalbo all\u2019interno della Programmazione territoriale. L\u2019ha deciso la Giunta, che su proposta dell\u2019assessore della Programmazione Raffaele Paci d'intesa con l'assessore dell'ambiente Donatella Spano, ha approvato lo stanziamento a favore dell\u2019Ente Parco che lo acquisir\u00e0 con 220mila euro e lo valorizzer\u00e0 con i restanti 180mila.<\/p>\n<p>\u201cLo stagno di Posada, pur essendo all\u2019interno del perimetro del Parco Regionale, non era nella disponibilit\u00e0 dell\u2019Ente Parco, che invece ha pi\u00f9 volte manifestato la necessit\u00e0 di acquisire e valorizzare un compendio di grande pregio, funzionale allo sviluppo dell\u2019area di rilevanza strategica di Tepilora\u201d, dice Paci. \u201cOggi\u00a0abbiamo la possibilit\u00e0 di dare riscontro a questa esigenza, emersa in fase di co-progettazione del progetto di sviluppo territoriale, ma che in quel momento non era possibile soddisfare. Le zone umide sono una grande risorsa della Sardegna e vogliamo valorizzarle fortemente, e per questo abbiamo messo a punto una politica complessiva per gestirle al meglio. All\u2019interno di questa politica, di sicuro la tutela ambientale \u00e8 prioritaria, ma non parliamo solo di quella, perch\u00e9 vogliamo potenziare le attivit\u00e0 produttive delle zone umide, incentivare la nascita di attivit\u00e0 turistiche e sportive, salvaguardare e tutelare la forza lavoro occupata nelle attivit\u00e0 economiche e allo stesso tempo promuovere nuova e qualificata occupazione, come l\u2019Ente Parco Tepilora potr\u00e0 fare con lo stagno di Posada\".<\/p>\n<p>\"Lo sviluppo sostenibile \u00e8 l'unico possibile per il nostro futuro e il Parco sta lavorando dall'inizio in questa direzione. Il progetto \u00e8 infatti un altro tassello di tutto quanto creato da quella stessa comunit\u00e0, cio\u00e8 da un territorio meritevole di ricevere risorse perch\u00e9 ha dimostrato di avere grandi capacit\u00e0 progettuali premiate persino dall'Unesco\", afferma l'assessore Spano, che sottolinea: \"Il Parco regionale, a pochi anni dalla sua istituzione, ha fatto grandi progressi con un'attenta programmazione e valorizzazione delle risorse come esempio di area protetta che pensa sia alla propria comunit\u00e0 che ai visitatori, con particolare attenzione al turismo ecosostenibile\".<\/p>\n<p>Il progetto \u201cTepilora, patrimonio accessibile a tutti\u201d, punta su nuove potenzialit\u00e0 di sviluppo per le comunit\u00e0 locali grazie al lavoro coeso tra i territori che rientrano nell\u2019Unione di Comuni del Montalto e l\u2019amministrazione regionale. \"Abbiamo sempre creduto all'idea di sviluppo locale, alla forza delle persone che si mettono insieme, che progettano dal basso e non si arrendono a un futuro di spopolamento delle zone interne, puntando sulle loro caratteristiche e risorse per costruire un futuro pi\u00f9 solido\u201d, conclude Paci. Com<\/p>\n","protected":false},"excerpt":{"rendered":"<p>Cagliari, 22 Nov 2018\u00a0&#8211; Nuova vita per lo Stagno di Posada, inserito nell\u2019elenco delle Riserve naturali e riconosciuto dall\u2019Unesco \u201criserva della biosfera\u201d Mab. Con 400mila&#8230;<\/p>\n","protected":false},"author":2,"featured_media":157335,"comment_status":"closed","ping_status":"closed","sticky":false,"template":"","format":"standard","meta":[],"categories":[49,51,52],"tags":[],"_links":{"self":[{"href":"https:\/\/www.cronacaonline.it\/index.php\/wp-json\/wp\/v2\/posts\/167465"}],"collection":[{"href":"https:\/\/www.cronacaonline.it\/index.php\/wp-json\/wp\/v2\/posts"}],"about":[{"href":"https:\/\/www.cronacaonline.it\/index.php\/wp-json\/wp\/v2\/types\/post"}],"author":[{"embeddable":true,"href":"https:\/\/www.cronacaonline.it\/index.php\/wp-json\/wp\/v2\/users\/2"}],"replies":[{"embeddable":true,"href":"https:\/\/www.cronacaonline.it\/index.php\/wp-json\/wp\/v2\/comments?post=167465"}],"version-history":[{"count":0,"href":"https:\/\/www.cronacaonline.it\/index.php\/wp-json\/wp\/v2\/posts\/167465\/revisions"}],"wp:featuredmedia":[{"embeddable":true,"href":"https:\/\/www.cronacaonline.it\/index.php\/wp-json\/wp\/v2\/media\/157335"}],"wp:attachment":[{"href":"https:\/\/www.cronacaonline.it\/index.php\/wp-json\/wp\/v2\/media?parent=167465"}],"wp:term":[{"taxonomy":"category","embeddable":true,"href":"https:\/\/www.cronacaonline.it\/index.php\/wp-json\/wp\/v2\/categories?post=167465"},{"taxonomy":"post_tag","embeddable":true,"href":"https:\/\/www.cronacaonline.it\/index.php\/wp-json\/wp\/v2\/tags?post=167465"}],"curies":[{"name":"wp","href":"https:\/\/api.w.org\/{rel}","templated":true}]}}