{"id":167461,"date":"2018-11-22T14:11:15","date_gmt":"2018-11-22T13:11:15","guid":{"rendered":"http:\/\/www.cronacaonline.it\/public\/content\/?p=167461"},"modified":"2018-11-22T14:11:15","modified_gmt":"2018-11-22T13:11:15","slug":"il-paesaggio-del-mandrolisai-iscritto-al-registro-nazionale-erriu-soltanto-altre-13-eccellenze-del-genere-in-tutta-litalia","status":"publish","type":"post","link":"https:\/\/www.cronacaonline.it\/index.php\/2018\/11\/22\/il-paesaggio-del-mandrolisai-iscritto-al-registro-nazionale-erriu-soltanto-altre-13-eccellenze-del-genere-in-tutta-litalia\/","title":{"rendered":"Il paesaggio del Mandrolisai iscritto al registro nazionale. Erriu: soltanto altre 13 eccellenze del genere in tutta l\u2019Italia"},"content":{"rendered":"<p>Cagliari, 22 Nov 2018 -\u00a0\u201cL\u2019iscrizione del Paesaggio policolturale del Mandrolisai al Registro nazionale dei Paesaggi rurali d\u2019interesse storico \u00e8 un risultato di grande rilievo e prestigio, in quanto in tutta l\u2019Italia si contano complessivamente soltanto 14 eccellenze, tra cui questa che \u00e8 la prima e per ora l\u2019unica in Sardegna\u201d. Lo ha detto l\u2019assessore dell\u2019Urbanistica Cristiano Erriu nel corso della conferenza stampa che si \u00e8 tenuta\u00a0oggi\u00a0a Cagliari per illustrare il Decreto del Ministero delle Politiche agricole, alimentari, forestali e del turismo.<\/p>\n<p>\u201cLa Regione \u2013 sottolineato in una nota l\u2019assessore Erriu \u2013 ha dato il massimo sostegno all\u2019iniziativa voluta fortemente dai Comuni di Atzara e Sorgono, con il contributo tecnico dell\u2019Universit\u00e0 di Sassari. Si tratta di una sperimentazione in vitro, in quanto vogliamo estendere a tutta l\u2019Isola la ricognizione dei paesaggi rurali e storici. Ci crediamo cos\u00ec tanto che, nelle prossime settimane, presenteremo la Scuola regionale del paesaggio. La Regione, inoltre, metter\u00e0 a disposizione risorse mirate per sostenere queste iniziative. Il Mandrolisai da parecchi decenni conserva l\u2019integrit\u00e0 del paesaggio, e questo costituisce un valore aggiunto perch\u00e9 in prospettiva sar\u00e0 possibile ampliare la filiera vitivinicola e creare nuove opportunit\u00e0 di sviluppo\u201d.<\/p>\n<p>\u201cAbbiamo affrontato questa sfida di comune accordo con l\u2019Amministrazione di Atzara\u201d, ha spiegato il sindaco di Sorgono, Giovanni Arru. \u201cIl Mandrolisai \u00e8 l\u2019unico territorio della Sardegna il cui nome coincide con la Doc del vino, e questa \u00e8 una ulteriore peculiarit\u00e0. In generale, ci aspettiamo che le nostre imprese riescano a trarre un beneficio dalla valorizzazione di uno sforzo collettivo, per esempio attraverso un marchio distintivo nelle etichette delle nostre cantine, come \u00e8 accaduto in altre regioni. Il Ministero ha riconosciuto un altro aspetto, e cio\u00e8 che oltre al paesaggio vitato abbiamo anche pascoli arborati conservati nel corso dei decenni. Il contributo della Regione sar\u00e0 determinante per proseguire in questo percorso\u201d.<\/p>\n<p>\u201cLa Sardegna \u00e8 ricca di queste peculiarit\u00e0 \u2013 ha aggiunto il sindaco di Atzara, Alessandro Corona \u2013 dunque questo riconoscimento pu\u00f2 fornire uno stimolo per altri territori. Costituisce un enorme volano di crescita che ci aiuter\u00e0 a combattere lo spopolamento. Vogliamo costruire un progetto pilota, ma \u00e8 auspicabile che la Regione ci affianchi non tanto con risorse economiche, quanto con un\u2019adeguata campagna di comunicazione. Dal centro della Sardegna pu\u00f2 partire un messaggio nuovo, che pone il paesaggio al centro dell\u2019attenzione e fa da supporto ai progetti di molti giovani imprenditori, del comparto agricolo e non solo\u201d.<\/p>\n<p>\u201cNel corso dell\u2019Ottocento \u2013 ha spiegato il professor Alessandro Dettori del Dipartimento di Agraria dell\u2019Universit\u00e0 di Sassari \u2013 la societ\u00e0 pastorale, nel centro della Sardegna, ha cancellato buona parte della societ\u00e0 agricola. Nel Mandrolisai ci\u00f2 non \u00e8 avvenuto, e questo valore \u00e8 stato riconosciuto dal Ministero attraverso lo studio condotto dal nostro Ateneo. Per l\u2019occasione, \u00e8 stata presentata anche una sovrapposizione dei rilevamenti aerei fatti nel 1954 e nel 2016: ebbene, il 53% del territorio \u00e8 pressoch\u00e9 immutato nell\u2019uso del suolo. La valutazione storico-ambientale ha permesso di mettere a fuoco i tre parametri richiesti per l\u2019iscrizione al Registro: significativit\u00e0, integrit\u00e0 e vulnerabilit\u00e0 del paesaggio. Tra le peculiarit\u00e0 del Mandrolisai, la tipica coltivazione ad alberello dei vigneti e la presenza dei tradizionali muretti a secco\u201d. Red<\/p>\n","protected":false},"excerpt":{"rendered":"<p>Cagliari, 22 Nov 2018 &#8211;\u00a0\u201cL\u2019iscrizione del Paesaggio policolturale del Mandrolisai al Registro nazionale dei Paesaggi rurali d\u2019interesse storico \u00e8 un risultato di grande rilievo e&#8230;<\/p>\n","protected":false},"author":2,"featured_media":167463,"comment_status":"closed","ping_status":"closed","sticky":false,"template":"","format":"standard","meta":[],"categories":[49,51,52],"tags":[],"_links":{"self":[{"href":"https:\/\/www.cronacaonline.it\/index.php\/wp-json\/wp\/v2\/posts\/167461"}],"collection":[{"href":"https:\/\/www.cronacaonline.it\/index.php\/wp-json\/wp\/v2\/posts"}],"about":[{"href":"https:\/\/www.cronacaonline.it\/index.php\/wp-json\/wp\/v2\/types\/post"}],"author":[{"embeddable":true,"href":"https:\/\/www.cronacaonline.it\/index.php\/wp-json\/wp\/v2\/users\/2"}],"replies":[{"embeddable":true,"href":"https:\/\/www.cronacaonline.it\/index.php\/wp-json\/wp\/v2\/comments?post=167461"}],"version-history":[{"count":0,"href":"https:\/\/www.cronacaonline.it\/index.php\/wp-json\/wp\/v2\/posts\/167461\/revisions"}],"wp:featuredmedia":[{"embeddable":true,"href":"https:\/\/www.cronacaonline.it\/index.php\/wp-json\/"}],"wp:attachment":[{"href":"https:\/\/www.cronacaonline.it\/index.php\/wp-json\/wp\/v2\/media?parent=167461"}],"wp:term":[{"taxonomy":"category","embeddable":true,"href":"https:\/\/www.cronacaonline.it\/index.php\/wp-json\/wp\/v2\/categories?post=167461"},{"taxonomy":"post_tag","embeddable":true,"href":"https:\/\/www.cronacaonline.it\/index.php\/wp-json\/wp\/v2\/tags?post=167461"}],"curies":[{"name":"wp","href":"https:\/\/api.w.org\/{rel}","templated":true}]}}