{"id":167442,"date":"2018-11-21T19:40:52","date_gmt":"2018-11-21T18:40:52","guid":{"rendered":"http:\/\/www.cronacaonline.it\/public\/content\/?p=167442"},"modified":"2018-11-21T19:40:52","modified_gmt":"2018-11-21T18:40:52","slug":"trasporti-e-lavori-pubblici-careddu-e-balzarini-incontrano-ministro-toninelli-sblocco-150-milioni-per-bus-e-approfondimento-su-sassari-alghero","status":"publish","type":"post","link":"https:\/\/www.cronacaonline.it\/index.php\/2018\/11\/21\/trasporti-e-lavori-pubblici-careddu-e-balzarini-incontrano-ministro-toninelli-sblocco-150-milioni-per-bus-e-approfondimento-su-sassari-alghero\/","title":{"rendered":"Trasporti e lavori pubblici, Careddu e Balzarini incontrano ministro Toninelli: sblocco 150 milioni per bus e approfondimento su Sassari-Alghero"},"content":{"rendered":"<p>Cagliari, 21 Nov 2018 -\u00a0Entro l\u2019anno sar\u00e0 firmato il protocollo d\u2019intesa tra il ministero delle Infrastrutture e la Regione per l\u2019assegnazione dei 150 milioni destinati all\u2019acquisto di nuovi bus. Le risorse, che consentiranno di rinnovare l\u2019intera flotta Arst, sono state assegnate dalla delibera Cipe 54\/2016 del dicembre 2017 relativa al Piano operativo fondo sviluppo e coesione infrastrutture 2014-2020. E\u2019 quanto emerge dall\u2019incontro tenuto questo pomeriggio a Roma tra gli assessori dei Trasporti e dei Lavori pubblici, Carlo Careddu ed Edoardo Balzarini, e il ministro Danilo Toninelli, convocato per affrontare le principali problematiche che rallentano l\u2019utilizzo dei finanziamenti FSC gi\u00e0 disponibili. Con il rappresentante del Governo Conte si \u00e8 discusso della strada Sassari-Alghero, che dovr\u00e0 essere sottoposta all'esame del CIPE, e dei rapporti con l\u2019Anas, i cui interventi sono caratterizzati da tempi di realizzazione eccessivi. Su tali questioni il Ministro ha manifestato interesse e l'esigenza di uno specifico approfondimento.<\/p>\n<p>Saranno inoltre definiti gli iter amministrativi per la realizzazione della nuova pista dell\u2019aeroporto di Olbia e per la riqualificazione dello scalo e per la costruzione della torre di controllo e del nuovo radar dell\u2019aeroporto di Cagliari. Con Danilo Toninelli \u00e8 stato affrontato anche il tema del caro tariffe per la continuit\u00e0 marittima, della continuit\u00e0 aerea, della viabilit\u00e0 statale e delle dighe. In merito a tutti gli argomenti sollevati saranno trasmessi dalla Regione dei report dettagliati. Al termine dell'incontro il ministro Toninelli si \u00e8 reso disponibile per una prossima visita da effettuare a breve in Sardegna.<\/p>\n","protected":false},"excerpt":{"rendered":"<p>Cagliari, 21 Nov 2018 &#8211;\u00a0Entro l\u2019anno sar\u00e0 firmato il protocollo d\u2019intesa tra il ministero delle Infrastrutture e la Regione per l\u2019assegnazione dei 150 milioni destinati&#8230;<\/p>\n","protected":false},"author":2,"featured_media":145602,"comment_status":"closed","ping_status":"closed","sticky":false,"template":"","format":"standard","meta":[],"categories":[49,51,52],"tags":[],"_links":{"self":[{"href":"https:\/\/www.cronacaonline.it\/index.php\/wp-json\/wp\/v2\/posts\/167442"}],"collection":[{"href":"https:\/\/www.cronacaonline.it\/index.php\/wp-json\/wp\/v2\/posts"}],"about":[{"href":"https:\/\/www.cronacaonline.it\/index.php\/wp-json\/wp\/v2\/types\/post"}],"author":[{"embeddable":true,"href":"https:\/\/www.cronacaonline.it\/index.php\/wp-json\/wp\/v2\/users\/2"}],"replies":[{"embeddable":true,"href":"https:\/\/www.cronacaonline.it\/index.php\/wp-json\/wp\/v2\/comments?post=167442"}],"version-history":[{"count":0,"href":"https:\/\/www.cronacaonline.it\/index.php\/wp-json\/wp\/v2\/posts\/167442\/revisions"}],"wp:featuredmedia":[{"embeddable":true,"href":"https:\/\/www.cronacaonline.it\/index.php\/wp-json\/wp\/v2\/media\/145602"}],"wp:attachment":[{"href":"https:\/\/www.cronacaonline.it\/index.php\/wp-json\/wp\/v2\/media?parent=167442"}],"wp:term":[{"taxonomy":"category","embeddable":true,"href":"https:\/\/www.cronacaonline.it\/index.php\/wp-json\/wp\/v2\/categories?post=167442"},{"taxonomy":"post_tag","embeddable":true,"href":"https:\/\/www.cronacaonline.it\/index.php\/wp-json\/wp\/v2\/tags?post=167442"}],"curies":[{"name":"wp","href":"https:\/\/api.w.org\/{rel}","templated":true}]}}