{"id":167433,"date":"2018-11-21T16:40:33","date_gmt":"2018-11-21T15:40:33","guid":{"rendered":"http:\/\/www.cronacaonline.it\/public\/content\/?p=167433"},"modified":"2018-11-21T16:40:33","modified_gmt":"2018-11-21T15:40:33","slug":"sanita-assessore-arru-la-giunta-sardegna-garantisce-la-continuita-dei-piani-personalizzati-per-persone-con-disabilita-grave","status":"publish","type":"post","link":"https:\/\/www.cronacaonline.it\/index.php\/2018\/11\/21\/sanita-assessore-arru-la-giunta-sardegna-garantisce-la-continuita-dei-piani-personalizzati-per-persone-con-disabilita-grave\/","title":{"rendered":"Sanit\u00e0, Assessore Arru: la Giunta\u00a0Sardegna garantisce\u00a0la continuit\u00e0 dei piani personalizzati per persone con disabilit\u00e0 grave."},"content":{"rendered":"<p>Cagliari, 21 Nov 2018 -\u00a0La Giunta, su proposta dell\u2019assessore della Sanit\u00e0 Luigi Arru, ha approvato la delibera con la quale si garantisce la continuit\u00e0 per il 2019 ai piani personalizzati in essere al 31 dicembre 2018, che dovranno essere rivalutati entro i primi tre mesi dell\u2019anno 2019 con l\u2019aggiornamento della scheda sociale tenuto conto della capacit\u00e0 economica della persona (ISEE 2019) e, se necessario, della scheda di valutazione sanitaria.<\/p>\n<p>I piani personalizzati di nuova attivazione nel 2019 avranno decorrenza dal prossimo 1\u00b0 maggio per le persone con disabilit\u00e0 grave, nei limiti delle risorse assegnate a ciascun ente locale. A questi, per garantire continuit\u00e0 all\u2019intervento, sar\u00e0 assegnato un importo pari al 50% delle somme impegnate nel 2018, cui seguir\u00e0 un successivo conguaglio. Entro il 9 aprile 2019 gli enti locali dovranno inviare alla Direzione generale delle Politiche Sociali il fabbisogno 2019. Per i piani da attuarsi nel 2019, la Giunta ha deciso di confermare il criterio di carattere generale secondo il quale la gestione del progetto non pu\u00f2 essere affidata ai parenti conviventi e a quelli pi\u00f9 prossimi.<\/p>\n<p>\u201cLa programmazione dell\u2019intervento finanziato dal Fondo per la non autosufficienza regionale \u2013 scrive in una nota l\u2019assessore Arru \u2013 ha garantito la continuit\u00e0 del sostegno assistenziale alle persone con disabilit\u00e0 fisica, psichica o sensoriale, stabilizzata o progressiva, con difficolt\u00e0 d\u2019apprendimento, di relazione o di gestione autonoma delle attivit\u00e0 di vita quotidiana, tali da determinare un processo di svantaggio sociale o di emarginazione. Per il 2019, la Giunta propone l\u2019aumento dello stanziamento sino a 105 milioni di euro\u201d.<\/p>\n<p>\u201cNel corso del 2018 \u2013 conclude l\u2019assessore della sanit\u00e0 sarda \u2013 sono stati attivati piani personalizzati a favore di 38.577 persone con disabilit\u00e0, di cui 15.077 di et\u00e0 inferiore ai 65 anni e 22.474 over 65. Rispetto all\u2019insieme dei piani personalizzati, il 79% \u00e8 costituito da piani in continuit\u00e0 dall\u2019anno precedente mentre il restante 21% \u00e8 stato avviato nell\u2019annoin corso. Rispetto al bisogno rilevato dei beneficiari, sono state pianificate prevalentemente ore di assistenza domiciliare (83%) e di servizio educativo (13%) mentre \u00e8 stato minore il ricorso alla pianificazione di ore di attivit\u00e0 sportive e\/o di socializzazione (8%), di inserimenti in centri diurni (1%) e di soggiorni temporanei in strutture (0,5%)\u201d. Red<\/p>\n","protected":false},"excerpt":{"rendered":"<p>Cagliari, 21 Nov 2018 &#8211;\u00a0La Giunta, su proposta dell\u2019assessore della Sanit\u00e0 Luigi Arru, ha approvato la delibera con la quale si garantisce la continuit\u00e0 per&#8230;<\/p>\n","protected":false},"author":2,"featured_media":157987,"comment_status":"closed","ping_status":"closed","sticky":false,"template":"","format":"standard","meta":[],"categories":[49,51,52],"tags":[],"_links":{"self":[{"href":"https:\/\/www.cronacaonline.it\/index.php\/wp-json\/wp\/v2\/posts\/167433"}],"collection":[{"href":"https:\/\/www.cronacaonline.it\/index.php\/wp-json\/wp\/v2\/posts"}],"about":[{"href":"https:\/\/www.cronacaonline.it\/index.php\/wp-json\/wp\/v2\/types\/post"}],"author":[{"embeddable":true,"href":"https:\/\/www.cronacaonline.it\/index.php\/wp-json\/wp\/v2\/users\/2"}],"replies":[{"embeddable":true,"href":"https:\/\/www.cronacaonline.it\/index.php\/wp-json\/wp\/v2\/comments?post=167433"}],"version-history":[{"count":0,"href":"https:\/\/www.cronacaonline.it\/index.php\/wp-json\/wp\/v2\/posts\/167433\/revisions"}],"wp:featuredmedia":[{"embeddable":true,"href":"https:\/\/www.cronacaonline.it\/index.php\/wp-json\/wp\/v2\/media\/157987"}],"wp:attachment":[{"href":"https:\/\/www.cronacaonline.it\/index.php\/wp-json\/wp\/v2\/media?parent=167433"}],"wp:term":[{"taxonomy":"category","embeddable":true,"href":"https:\/\/www.cronacaonline.it\/index.php\/wp-json\/wp\/v2\/categories?post=167433"},{"taxonomy":"post_tag","embeddable":true,"href":"https:\/\/www.cronacaonline.it\/index.php\/wp-json\/wp\/v2\/tags?post=167433"}],"curies":[{"name":"wp","href":"https:\/\/api.w.org\/{rel}","templated":true}]}}