{"id":167429,"date":"2018-11-21T16:19:34","date_gmt":"2018-11-21T15:19:34","guid":{"rendered":"http:\/\/www.cronacaonline.it\/public\/content\/?p=167429"},"modified":"2018-11-21T16:19:34","modified_gmt":"2018-11-21T15:19:34","slug":"grano-duro-dalla-giunta-sardegna-16-milioni-ai-cerealicoltori-che-valorizzano-la-filiera","status":"publish","type":"post","link":"https:\/\/www.cronacaonline.it\/index.php\/2018\/11\/21\/grano-duro-dalla-giunta-sardegna-16-milioni-ai-cerealicoltori-che-valorizzano-la-filiera\/","title":{"rendered":"Grano duro, dalla Giunta Sardegna 1,6 milioni ai cerealicoltori che valorizzano la filiera"},"content":{"rendered":"<p>Cagliari, 21 Nov 2018\u00a0\u2013 Su proposta dell\u2019assessore dell\u2019Agricoltura, Pier Luigi Caria, la Giunta ha licenziato\u00a0oggi\u00a0una delibera che destina, recuperando poco pi\u00f9 di 200 mila euro di residui, circa 1 milione e 606 mila euro come premio per gli agricoltori che partecipano e quindi valorizzano la filiera del grano duro. Lo stanziamento arriva a una settimana dalla delibera che ha destinato 1 milione e 33 mila euro ai cerealicoltori che valorizzano le filiere dei cereali minori, dei grani antichi, del grano tenero e delle leguminose da granella.<\/p>\n<p>\u201cSostenere la filiera del grano duro significa innanzitutto sostenere una lunga tradizione agricola isolana che continua a garantire ancora\u00a0oggi\u00a0la trasformazione di prodotti agroalimentari che rischierebbero di perdersi\u201d. Cos\u00ec l\u2019assessore Caria che ha aggiunto: \u201cRafforzare la filiera vuol dire assicurare entrate pi\u00f9 dignitose per gli agricoltori che, in balia dei costanti mutamenti climatici e dei danni alle colture che ne seguono, rischiano di arrivare sempre pi\u00f9 deboli nella contrattazione finale della vendita del grano.\u00a0Oggi\u00a0pi\u00f9 di ieri, alla luce della globalizzazione economica e del costante interscambio commerciale con diversi territori del pianeta, \u00e8 necessario sostenere le nostre produzioni e tutelarle soprattutto quando hanno il proprio valore aggiunto sul piano della qualit\u00e0\u201d.<\/p>\n<p>L'accordo annuale di filiera inizia con la stagione agraria 2018\/2019 e potr\u00e0 proseguire anche per le annate successive fino all'esaurimento delle risorse disponibili.\u00a0Il premio da assegnare agli agricoltori che sottoscrivono tali accordi di filiera \u00e8 di 150 euro per ogni ettaro di superficie coltivata. Ciascun beneficiario potr\u00e0 partecipare alla riscossione del premio con una superficie minima di 5 e massima di 20 ettari, anche non accorpati. \u00c8 prevista una integrazione di 50 euro per ettaro se nella semina delle superfici coltivate a grano duro sono utilizzate sementi certificate.\u00a0Gli aiuti sono concessi con il regime de minimis, previsto dalla normativa europea, dove un\u2019azienda non pu\u00f2 superare i 15 mila euro di aiuto nell\u2019arco di tre esercizi finanziari. Com<\/p>\n","protected":false},"excerpt":{"rendered":"<p>Cagliari, 21 Nov 2018\u00a0\u2013 Su proposta dell\u2019assessore dell\u2019Agricoltura, Pier Luigi Caria, la Giunta ha licenziato\u00a0oggi\u00a0una delibera che destina, recuperando poco pi\u00f9 di 200 mila euro&#8230;<\/p>\n","protected":false},"author":2,"featured_media":157921,"comment_status":"closed","ping_status":"closed","sticky":false,"template":"","format":"standard","meta":[],"categories":[49,51,52],"tags":[],"_links":{"self":[{"href":"https:\/\/www.cronacaonline.it\/index.php\/wp-json\/wp\/v2\/posts\/167429"}],"collection":[{"href":"https:\/\/www.cronacaonline.it\/index.php\/wp-json\/wp\/v2\/posts"}],"about":[{"href":"https:\/\/www.cronacaonline.it\/index.php\/wp-json\/wp\/v2\/types\/post"}],"author":[{"embeddable":true,"href":"https:\/\/www.cronacaonline.it\/index.php\/wp-json\/wp\/v2\/users\/2"}],"replies":[{"embeddable":true,"href":"https:\/\/www.cronacaonline.it\/index.php\/wp-json\/wp\/v2\/comments?post=167429"}],"version-history":[{"count":0,"href":"https:\/\/www.cronacaonline.it\/index.php\/wp-json\/wp\/v2\/posts\/167429\/revisions"}],"wp:featuredmedia":[{"embeddable":true,"href":"https:\/\/www.cronacaonline.it\/index.php\/wp-json\/wp\/v2\/media\/157921"}],"wp:attachment":[{"href":"https:\/\/www.cronacaonline.it\/index.php\/wp-json\/wp\/v2\/media?parent=167429"}],"wp:term":[{"taxonomy":"category","embeddable":true,"href":"https:\/\/www.cronacaonline.it\/index.php\/wp-json\/wp\/v2\/categories?post=167429"},{"taxonomy":"post_tag","embeddable":true,"href":"https:\/\/www.cronacaonline.it\/index.php\/wp-json\/wp\/v2\/tags?post=167429"}],"curies":[{"name":"wp","href":"https:\/\/api.w.org\/{rel}","templated":true}]}}