{"id":166816,"date":"2018-11-08T12:39:10","date_gmt":"2018-11-08T11:39:10","guid":{"rendered":"http:\/\/www.cronacaonline.it\/public\/content\/?p=166816"},"modified":"2018-11-08T12:39:10","modified_gmt":"2018-11-08T11:39:10","slug":"e-salvini-la-spunta-anche-sulla-riforma-della-prescrizione-i-pentastellati-ormai-messi-sotto-su-tutto-solo-per-alcuni-e-a-partire-tra-due-anni-dopo-approvazione-riforma-processo-penale","status":"publish","type":"post","link":"https:\/\/www.cronacaonline.it\/index.php\/2018\/11\/08\/e-salvini-la-spunta-anche-sulla-riforma-della-prescrizione-i-pentastellati-ormai-messi-sotto-su-tutto-solo-per-alcuni-e-a-partire-tra-due-anni-dopo-approvazione-riforma-processo-penale\/","title":{"rendered":"E Salvini la spunta anche sulla riforma della prescrizione, i pentastellati ormai messi sotto su tutto: solo per alcuni e a partire tra due anni dopo approvazione riforma processo penale."},"content":{"rendered":"<p>Roma, 8 Nov 2017 - Fumata bianca al vertice a Palazzo Chigi sul nodo della riforma della prescrizione. Alla riunione hanno partecipato il premier Giuseppe Conte e i due vice Luigi Di Maio e Matteo Salvini. Presente anche il ministro della Giustizia, Alfonso Bonafede.<\/p>\n<p>Abbiamo trovato l'accordo, la norma sulla prescrizione \u00e8 nel ddl Anticorruzione e andr\u00e0 in aula la prossima settimana\". Cos\u00ec il ministro della Giustizia Alfonso Bonafede all'uscita dal summit. \"Resta lo stop della prescrizione dopo la sentenza di primo grado, entrer\u00e0 in vigore con la riforma del processo penale il prossimo anno\", spiega.\u00a0\"Contemporaneamente verr\u00e0 scritta una legge-delega\" per la riforma del processo penale.<\/p>\n<p>\"La mediazione \u00e8 stata positiva, accordo trovato in mezz'ora. Voglio tempi brevi per i processi. In galera i colpevoli, libert\u00e0 per innocenti\", dice Salvini.\u00a0\"La norma sulla prescrizione sar\u00e0 nel ddl ma entra in vigore da gennaio del 2020 quando sar\u00e0 approvata la riforma del processo penale. La legge delega, che scadr\u00e0 a dicembre del 2019, sar\u00e0 all'esame del Senato la prossima settimana\".<\/p>\n<p>\"Ottime notizie. Basta impuniti. La norma sulla prescrizione sar\u00e0 nel disegno di legge anticorruzione. Ed entro l'anno prossimo faremo anche una riforma del processo penale. Processi brevi e con tempi certi. Finalmente le cose cambiano davvero\", scrive su Facebook Di Maio.<\/p>\n<p>\"Ci sar\u00e0 una legge delega che entro il dicembre 2019 stabilir\u00e0 tempi certi per la durata dei processi: non c'\u00e8 chi ha perso o chi ha vinto, ma piena sintonia. Noi abbiamo chiesto sempre un collegamento tra prescrizione e durata certa dei processi. E cosi \u00e8\", dice il ministro della Pubblica amministrazione Giulia Bongiorno.<\/p>\n","protected":false},"excerpt":{"rendered":"<p>Roma, 8 Nov 2017 &#8211; Fumata bianca al vertice a Palazzo Chigi sul nodo della riforma della prescrizione. Alla riunione hanno partecipato il premier Giuseppe&#8230;<\/p>\n","protected":false},"author":2,"featured_media":166817,"comment_status":"closed","ping_status":"closed","sticky":false,"template":"","format":"standard","meta":[],"categories":[49,51],"tags":[],"_links":{"self":[{"href":"https:\/\/www.cronacaonline.it\/index.php\/wp-json\/wp\/v2\/posts\/166816"}],"collection":[{"href":"https:\/\/www.cronacaonline.it\/index.php\/wp-json\/wp\/v2\/posts"}],"about":[{"href":"https:\/\/www.cronacaonline.it\/index.php\/wp-json\/wp\/v2\/types\/post"}],"author":[{"embeddable":true,"href":"https:\/\/www.cronacaonline.it\/index.php\/wp-json\/wp\/v2\/users\/2"}],"replies":[{"embeddable":true,"href":"https:\/\/www.cronacaonline.it\/index.php\/wp-json\/wp\/v2\/comments?post=166816"}],"version-history":[{"count":0,"href":"https:\/\/www.cronacaonline.it\/index.php\/wp-json\/wp\/v2\/posts\/166816\/revisions"}],"wp:featuredmedia":[{"embeddable":true,"href":"https:\/\/www.cronacaonline.it\/index.php\/wp-json\/"}],"wp:attachment":[{"href":"https:\/\/www.cronacaonline.it\/index.php\/wp-json\/wp\/v2\/media?parent=166816"}],"wp:term":[{"taxonomy":"category","embeddable":true,"href":"https:\/\/www.cronacaonline.it\/index.php\/wp-json\/wp\/v2\/categories?post=166816"},{"taxonomy":"post_tag","embeddable":true,"href":"https:\/\/www.cronacaonline.it\/index.php\/wp-json\/wp\/v2\/tags?post=166816"}],"curies":[{"name":"wp","href":"https:\/\/api.w.org\/{rel}","templated":true}]}}