{"id":165941,"date":"2018-10-16T18:03:57","date_gmt":"2018-10-16T16:03:57","guid":{"rendered":"http:\/\/www.cronacaonline.it\/public\/content\/?p=165941"},"modified":"2018-10-16T18:03:57","modified_gmt":"2018-10-16T16:03:57","slug":"zootecnia-il-18-ottobre-a-cagliari-caria-apre-la-due-giorni-di-lavori-dedicati-al-benessere-animale-e-alle-politiche-di-qualita","status":"publish","type":"post","link":"https:\/\/www.cronacaonline.it\/index.php\/2018\/10\/16\/zootecnia-il-18-ottobre-a-cagliari-caria-apre-la-due-giorni-di-lavori-dedicati-al-benessere-animale-e-alle-politiche-di-qualita\/","title":{"rendered":"Zootecnia. Il 18 ottobre a Cagliari, caria apre la due giorni di lavori dedicati al \u201cbenessere animale e alle politiche di qualit\u00e0\u201d"},"content":{"rendered":"<p>Cagliari, 16 Ott 2018 \u2013\u00a0\u201cBenessere animale e politiche per la qualit\u00e0\u201d \u00e8 il tema che riunir\u00e0 a Cagliari, dal 18 al 19 ottobre negli spazi dell\u2019Ex Manifattura Tabacchi, decine di esperti provenienti da tutta Italia per un appuntamento organizzato dalla Rete rurale nazionale e dall\u2019Assessorato dell\u2019Agricoltura. L\u2019iniziativa, aperta al pubblico, vedr\u00e0 gli interventi di studiosi di Centri di ricerca e Universit\u00e0 della Sardegna e della Penisola, di tecnici del Ministero delle Politiche agricole, alimentari, forestali e del Turismo e dell\u2019Assessorato dell\u2019Agricoltura, di rappresentanti del mondo dell\u2019allevamento e della trasformazione sarda e nazionale. L\u2019appuntamento per la stampa e il pubblico \u00e8 per le ore 10 di gioved\u00ec 18 ottobre quando l\u2019assessore dell\u2019Agricoltura, Pier Luigi Caria, aprir\u00e0 i lavori con un breve saluto istituzionale.<\/p>\n<p>La Regione Sardegna \u00e8 stata pioniera, in passato, e continua a esserlo ancora\u00a0oggi\u00a0nell\u2019applicazione delle Misure sul benessere degli animali previste nel Programma di sviluppo rurale (PSR). Se oltre 12 anni fa si era partiti con un intervento destinato solo al comparto ovino e poi caprino,\u00a0oggi\u00a0\u00e8 stato allargato a bovini da carne e da latte e, per la prima volta in Europa, ai suini. Sul settennio 2014-2020 sono stati stanziati nella programmazione agricola oltre 220milioni di risorse cofinanziate da Ue, Stato e Regione.<\/p>\n<p>Il Benessere degli animali da produzione \u00e8 sempre pi\u00f9 al centro degli interessi dei consumatori e fra gli obiettivi di qualit\u00e0 del settore zootecnico. Il tema \u00e8 da tempo preso in considerazione anche dalla Politica agricola comune (PAC), sia con la fissazione di standard nella condizionalit\u00e0, sia con specifici interventi di sostegno previsti dai PSR.<\/p>\n<p>La due giorni di attivit\u00e0 vuole essere quindi un momento di riflessione comune tra policy maker, mondo della produzione e della ricerca con lo scopo di contribuire a individuare una strategia praticabile, efficace e condivisa in materia di benessere animale. Com<\/p>\n","protected":false},"excerpt":{"rendered":"<p>Cagliari, 16 Ott 2018 \u2013\u00a0\u201cBenessere animale e politiche per la qualit\u00e0\u201d \u00e8 il tema che riunir\u00e0 a Cagliari, dal 18 al 19 ottobre negli spazi&#8230;<\/p>\n","protected":false},"author":2,"featured_media":146175,"comment_status":"closed","ping_status":"closed","sticky":false,"template":"","format":"standard","meta":[],"categories":[49,51,52],"tags":[],"_links":{"self":[{"href":"https:\/\/www.cronacaonline.it\/index.php\/wp-json\/wp\/v2\/posts\/165941"}],"collection":[{"href":"https:\/\/www.cronacaonline.it\/index.php\/wp-json\/wp\/v2\/posts"}],"about":[{"href":"https:\/\/www.cronacaonline.it\/index.php\/wp-json\/wp\/v2\/types\/post"}],"author":[{"embeddable":true,"href":"https:\/\/www.cronacaonline.it\/index.php\/wp-json\/wp\/v2\/users\/2"}],"replies":[{"embeddable":true,"href":"https:\/\/www.cronacaonline.it\/index.php\/wp-json\/wp\/v2\/comments?post=165941"}],"version-history":[{"count":0,"href":"https:\/\/www.cronacaonline.it\/index.php\/wp-json\/wp\/v2\/posts\/165941\/revisions"}],"wp:featuredmedia":[{"embeddable":true,"href":"https:\/\/www.cronacaonline.it\/index.php\/wp-json\/wp\/v2\/media\/146175"}],"wp:attachment":[{"href":"https:\/\/www.cronacaonline.it\/index.php\/wp-json\/wp\/v2\/media?parent=165941"}],"wp:term":[{"taxonomy":"category","embeddable":true,"href":"https:\/\/www.cronacaonline.it\/index.php\/wp-json\/wp\/v2\/categories?post=165941"},{"taxonomy":"post_tag","embeddable":true,"href":"https:\/\/www.cronacaonline.it\/index.php\/wp-json\/wp\/v2\/tags?post=165941"}],"curies":[{"name":"wp","href":"https:\/\/api.w.org\/{rel}","templated":true}]}}