{"id":165937,"date":"2018-10-16T14:53:11","date_gmt":"2018-10-16T12:53:11","guid":{"rendered":"http:\/\/www.cronacaonline.it\/public\/content\/?p=165937"},"modified":"2018-10-16T14:53:11","modified_gmt":"2018-10-16T12:53:11","slug":"sistema-idrico-le-dighe-di-coghinas-alto-flumendosa-e-taloro-tornano-in-capo-alla-regione-enas-gestore-unico","status":"publish","type":"post","link":"https:\/\/www.cronacaonline.it\/index.php\/2018\/10\/16\/sistema-idrico-le-dighe-di-coghinas-alto-flumendosa-e-taloro-tornano-in-capo-alla-regione-enas-gestore-unico\/","title":{"rendered":"Sistema idrico. Le dighe di Coghinas, Alto Flumendosa e Taloro tornano in capo alla regione. Enas gestore unico"},"content":{"rendered":"<p>Cagliari, 16 Ott 2018\u00a0- Le dighe del Coghinas, dell\u2019Alto Flumendosa e del Taloro tornano in capo alla Regione e, dal 1 gennaio 2019, saranno gestite da Enas.<\/p>\n<p>Con tre delibere approvate lo scorso 9 ottobre, l\u2019Esecutivo regionale ha sancito la conservazione da parte della Regione delle concessioni di derivazione scadute per i sistemi 3B Coghinas Mannu di Porto Torres, 6A Alto Flumendosa Sa Teula e Tirso 2A Taloro, e il trasferimento della gestione delle relative opere ad Enas, che diventa cos\u00ec il gestore unico dei grandi laghi artificiali della Sardegna.<\/p>\n<p>\u201c\u00c8 un passaggio molto importante perch\u00e9 permetter\u00e0 alla Regione di ottimizzare l\u2019utilizzo delle risorse idriche invasate nei bacini artificiali dell\u2019isola \u2013 ha detto il Presidente Francesco Pigliaru questa mattina in conferenza stampa - \u00a0con notevoli vantaggi nella gestione delle acque, soprattutto nei periodi di siccit\u00e0, e consentir\u00e0 di abbattere in modo significativo o azzerare i costi energetici sostenuti dal sistema idrico multisettoriale, compresi quelli legati al sollevamento che sono sostenuti dai Consorzi di bonifica. \u00c8 bene ricordare inoltre che stiamo parlando di energia perfettamente sostenibile \u2013 ha concluso Francesco Pigliaru -, che anche sul piano paesaggistico ha decisamente meno impatto rispetto ad altre fonti rinnovabili.\u201d<\/p>\n<p>La Giunta prosegue cos\u00ec l\u2019azione, gi\u00e0 avviata fin dai primi mesi del suo insediamento, per il recupero della titolarit\u00e0 delle dighe, finora gestite da Enel, in ragione di concessioni ormai scadute.<\/p>\n<p>\u201cCompletiamo l\u2019attivit\u00e0 partita nel 2014, perch\u00e9 la strategia di questa Giunta sulla gestione delle acque \u00e8 quella della piena applicazione della legge 19, che ha istituito il Sistema idrico multisettoriale. \u2013 ha detto l\u2019assessore dei Lavori Pubblici Edoardo Balzarini - \u00a0Il coordinamento unico dei bacini \u00e8 una peculiarit\u00e0 che molte regioni ci invidiano. Al sistema mancavano tre bacini molto importanti, che con queste delibere vengono integrati e lo completano. La nostra visione \u2013 ha precisato l\u2019Assessore \u2013 \u00e8 ambientalistica e solidaristica: l\u2019energia prodotta dalle centrali idroelettriche del sistema servir\u00e0 per coprire i costi, mentre quella in eccesso non sar\u00e0 immessa sul mercato ma ogni beneficio derivante da questo surplus sar\u00e0 usato per abbattere i costi a carico dei cittadini.\u201d<\/p>\n<p>Il 27 maggio 2014, con l\u2019approvazione di quattro delibere proposte dall\u2019allora assessore dei Lavori Pubblici Paolo Maninchedda, la Regione \u00e8 subentrata nella titolarit\u00e0 delle concessioni nell\u2019ambito del sistema idrico multisettoriale regionale. Le dighe coinvolte sono quelle di Cumbidanovu, vicino a Orgosolo e Monti Nieddu a Sarroch, entrambe in costruzione, e le dighe su Flumendosa, Taloro e Coghinas, opere idrauliche gestite da Enel S.p.A per le quali la Societ\u00e0 ha fatto fa ricorso al Tribunale Superiore delle Acque Pubbliche.<\/p>\n<p>A seguito del pronunciamento del Tribunale Superiore delle Acque Pubbliche, avvenuto il 17 maggio 2017,nel quale i provvedimenti assunti dalla Regione non sono stati ritenuti sufficientemente \u00a0lesivi, la Giunta, con tre nuove delibere, ha riavviato le \u00a0procedure per acquisire definitivamente la titolarit\u00e0 delle dighe di Coghinas, Alto Flumendosa e Taloro, con l\u2019accertamento dell\u2019intervenuta scadenza, in data 9 settembre 2001, del termine delle concessioni a Enel e con la presa d\u2019atto della conservazione, da parte della Regione, della titolarit\u00e0 delle concessioni, oltre a disporre il subentro, a partire dal 1 gennaio 2019, di Enas nella gestione.<\/p>\n<p>Presente alla conferenza stampa anche Giovanni Sistu, amministratore unico di Enas, per il quale \u201cquesto intervento ci consentir\u00e0 di poter disporre direttamente delle risorse, che ora Enas veicola dopo il rilascio da parte di Enel. I sistemi che\u00a0oggi\u00a0tornano alla Regione\u00a0sono fondamentali per la loro capacit\u00e0 di produzione energetica. Com<\/p>\n","protected":false},"excerpt":{"rendered":"<p>Cagliari, 16 Ott 2018\u00a0&#8211; Le dighe del Coghinas, dell\u2019Alto Flumendosa e del Taloro tornano in capo alla Regione e, dal 1 gennaio 2019, saranno gestite&#8230;<\/p>\n","protected":false},"author":2,"featured_media":144908,"comment_status":"closed","ping_status":"closed","sticky":false,"template":"","format":"standard","meta":[],"categories":[49,51,52],"tags":[],"_links":{"self":[{"href":"https:\/\/www.cronacaonline.it\/index.php\/wp-json\/wp\/v2\/posts\/165937"}],"collection":[{"href":"https:\/\/www.cronacaonline.it\/index.php\/wp-json\/wp\/v2\/posts"}],"about":[{"href":"https:\/\/www.cronacaonline.it\/index.php\/wp-json\/wp\/v2\/types\/post"}],"author":[{"embeddable":true,"href":"https:\/\/www.cronacaonline.it\/index.php\/wp-json\/wp\/v2\/users\/2"}],"replies":[{"embeddable":true,"href":"https:\/\/www.cronacaonline.it\/index.php\/wp-json\/wp\/v2\/comments?post=165937"}],"version-history":[{"count":0,"href":"https:\/\/www.cronacaonline.it\/index.php\/wp-json\/wp\/v2\/posts\/165937\/revisions"}],"wp:featuredmedia":[{"embeddable":true,"href":"https:\/\/www.cronacaonline.it\/index.php\/wp-json\/wp\/v2\/media\/144908"}],"wp:attachment":[{"href":"https:\/\/www.cronacaonline.it\/index.php\/wp-json\/wp\/v2\/media?parent=165937"}],"wp:term":[{"taxonomy":"category","embeddable":true,"href":"https:\/\/www.cronacaonline.it\/index.php\/wp-json\/wp\/v2\/categories?post=165937"},{"taxonomy":"post_tag","embeddable":true,"href":"https:\/\/www.cronacaonline.it\/index.php\/wp-json\/wp\/v2\/tags?post=165937"}],"curies":[{"name":"wp","href":"https:\/\/api.w.org\/{rel}","templated":true}]}}