{"id":165929,"date":"2018-10-16T14:21:23","date_gmt":"2018-10-16T12:21:23","guid":{"rendered":"http:\/\/www.cronacaonline.it\/public\/content\/?p=165929"},"modified":"2018-10-16T14:21:23","modified_gmt":"2018-10-16T12:21:23","slug":"consiglio-sardegna-esame-della-proposte-di-legge-n-550-norme-integrative-al-regio-decreto-29-luglio-1927-e-sulla-disciplina-dellattivita-mineraria","status":"publish","type":"post","link":"https:\/\/www.cronacaonline.it\/index.php\/2018\/10\/16\/consiglio-sardegna-esame-della-proposte-di-legge-n-550-norme-integrative-al-regio-decreto-29-luglio-1927-e-sulla-disciplina-dellattivita-mineraria\/","title":{"rendered":"Consiglio Sardegna &#8211; Esame della proposte di legge n.550\u00a0\u201cNorme integrative al regio decreto 29 luglio 1927 e sulla disciplina dell&#8217;attivit\u00e0 mineraria"},"content":{"rendered":"<p>Cagliari, 16 Ott 2018 \u2013 La seduta del Consiglio Regionale della Sardegna \u00e8 stata aperta dal presidente Gianfranco Ganau che, subito dopo, ha convocato la conferenza dei capigruppo. Alla ripresa dei lavori, dopo le formalit\u00e0 di rito, il presidente Ganau ha pronunciato un breve intervento di cordoglio in memoria di Tamara Macario, la giovane mamma che ha perso la vita nella recente alluvione che ha colpito la Sardegna meridionale e l\u2019area metropolitana di Cagliari, ed ha espresso la vicinanza dell\u2019Assemblea anche a chi attende ancora di conoscere la sorte dei suoi cari e a quanti sono stati danneggiati dai gravi fenomeni naturali. Il presidente, dopo aver assicurato che il Consiglio far\u00e0 la sua parte fino in fondo, ha chiesto all\u2019Aula di osservare un minuto di silenzio in segno di cordoglio.<\/p>\n<p>Successivamente, in base alle decisioni della conferenza dei capigruppo, l\u2019assessore dell\u2019Ambiente Donatella Spano ha riferito al Consiglio sulla recente alluvione.<\/p>\n<p>Nella sua relazione, la Spano ha ricordato l\u2019allerta meteo diramato dalla protezione civile per le giornate del 10 e dell\u201911 ottobre rivolto alla Sardegna meridionale ed orientale e le precipitazioni di forte intensit\u00e0 su vaste aree del territorio, che hanno raggiunto \u201cpunte\u201d del tutto eccezionali fino 484 millimetri a Capoterra e quasi 400 a Tertenia. Una situazione molto complessa, ha aggiunto l\u2019assessore, \u00abche \u00e8 stata fronteggiata con un grande lavoro di tutto il sistema della protezione civile regionale, ma purtroppo non ha impedito di registrare una vittima ed un disperso, danni elevati ad importanti infrastrutture\u00bb. La Giunta, ha poi annunciato la Spano, \u00abha gi\u00e0 formulato al Governo la richiesta di dichiarazione dello stato di emergenza nazionale, in modo da poter ottenere pi\u00f9 risorse sia per la gestione dell\u2019emergenza che per il ristoro dei danni in base allo stesso codice nazionale; nello stesso tempo si sta procedendo con cura alla stima dei danni\u00bb. Voglio per\u00f2 sottolineare, ha detto inoltre l\u2019assessore, \u00abil lavoro molto efficace della protezione civile che ha operato con professionalit\u00e0 e responsabilit\u00e0, senza risparmio e con elevati rischi personali, col supporto fondamentale di tanti Sindaci, di tanti volontari e delle forze dell\u2019ordine il cui impegno ha sicuramente evitato un maggior numero di vittime\u00bb. Per quanto riguarda gli interventi nell\u2019immediato, ha concluso l\u2019assessore, \u00abaffronteremo il problema delle prime spese urgenti dei Comuni con i fondi della legge 28\/85 che sar\u00e0 rifinanziata, con i rimborsi delle anticipazioni relative alle spese sostenute, e con misure di risarcimento dei danni a privati ed attivit\u00e0 produttive\u00bb.<\/p>\n<p>Al termine della relazione dell\u2019assessore il presidente ha ricordato che il regolamento prevede un intervento per gruppo ed ha invitato i consiglieri ad iscriversi a parlare.<\/p>\n<p>Per primo ha preso la parola il consigliere di Forza Italia Stefano Tunis secondo il quale \u00absiamo stati sconfitti ancora una volta nella battaglia contro le forze della natura e le nostre capacit\u00e0 sono state messe a dura prova\u00bb. Tuttavia, ha aggiunto, \u00abnon abbiamo nessuna difficolt\u00e0 a riconoscere che questa volta\u00a0la macchina\u00a0ha funzionato soprattutto con l\u2019all\u2019erta comunicato per tempo alle popolazioni, anche non \u00e8 ancora riuscita a coordinare se stessa con il fattore umano e le procedure di gestione delle crisi, perch\u00e9 non bastano i singoli ma occorre pi\u00f9 interazione con cittadini, diffondendo la consapevolezza delle migliori modalit\u00e0 di gestione dell\u2019emergenza\u00bb. Per questo, ha sostenuto, \u00ab\u00e8 necessaria una forte presa di coscienza ed un aumento della tensione verso il miglioramento, perch\u00e9 le dimensioni degli eventi, per quanto eccezionali, non possono giustificare mai la perdita di vite umane\u00bb.<\/p>\n<p>Per i Riformatori, il consigliere Michele Cossa ha osservato che \u00abla sempre maggiore frequenza dei fenomeni ci impone una grande riflessione estesa a tutti i territori\u00bb. Stavolta le cose hanno funzionato, ad avviso di Cossa, \u00abe, accanto al dolore per le vittime, \u00e8 necessario sottolineare positivamente che la protezione civile merita un plauso anche se restano alcuni problemi aperti: la manutenzione corsi d\u2019acqua e la chiarezza degli\u00a0all\u2019erta\u00a0meteo, che non devono essere adempimenti da interpretare ma strumenti codificati dall\u2019assessorato, senza scaricare sui Sindaci decisioni\u00a0forti\u00a0come quelle di aprire o chiudere le scuole o impedire ai cittadini di uscire di casa, perch\u00e9 non accada pi\u00f9 che gli appelli pubblici vengano sottovalutati anche se veri\u00bb.<\/p>\n<p>Il capogruppo di Fratelli d\u2019Italia Paolo Truzzu, dopo aver ricordato che non \u00e8 solito fare complimenti all\u2019amministrazione, ha affermato di voler fare una eccezione ringraziando presidente ed assessore perch\u00e9, \u00abdi fronte a fatto eccezionale si \u00e8 operato bene rispetto ad alcuni anni fa, per cui plauso a quanti hanno lavorato alla prevenzione e all\u2019organizzazione dei dispositivi di sicurezza, riuscendo a limitare per quanto possibile i danni, senza dimenticare che si sta ancora lavorando per risolvere i problemi di tante aziende dentro e fuori le zone industriali, degli operatori\u00a0\u00a0agricoli e delle famiglie che hanno perso tutto\u00bb.<\/p>\n<p>Il presidente della commissione Governo del territorio Antonio Solinas (Pd) ha espresso in apertura la solidariet\u00e0 alla giovane madre ed alla famiglia del disperso che spera ancora, oltre che a tutti i cittadini colpiti dalle inondazioni, riconoscendo fra l\u2019altro che \u00abl\u2019opposizione, in questa circostanza, ha mostrato un approccio serio su un argomento certamente molto delicato\u00bb. In questo dopo alluvione, ha continuato, \u00ababbiamo il dovere di ringraziare tante persone, dai Sindaci alla protezione civile, da Forestas ai barracelli, dalle forze dell\u2019ordine ai volontari; la protezione civile, in particolare, si \u00e8 dimostrata all\u2019altezza del compito con professionalit\u00e0 e dedizione ottenendo anche il plauso della struttura nazionale\u00bb.<\/p>\n<p>Nella replica l\u2019assessore Spano ha ringraziato il Consiglio per gli interventi e le proposte formulate, ribadendo il suo apprezzamento per il lavoro svolto dalla protezione civile e lo sforzo organizzativo messo in campo. Non pensiamo di aver raggiunto un traguardo, ha dichiarato, \u00abma siamo consapevoli che bisogna sempre crescere, lavorare molto sulla prevenzione e la sensibilizzazione, migliorare la coscienza dell\u2019auto protezione dai rischi agendo anche con scuole\u00bb. Segue<\/p>\n","protected":false},"excerpt":{"rendered":"<p>Cagliari, 16 Ott 2018 \u2013 La seduta del Consiglio Regionale della Sardegna \u00e8 stata aperta dal presidente Gianfranco Ganau che, subito dopo, ha convocato la&#8230;<\/p>\n","protected":false},"author":2,"featured_media":79673,"comment_status":"closed","ping_status":"closed","sticky":false,"template":"","format":"standard","meta":[],"categories":[49,51,52],"tags":[],"_links":{"self":[{"href":"https:\/\/www.cronacaonline.it\/index.php\/wp-json\/wp\/v2\/posts\/165929"}],"collection":[{"href":"https:\/\/www.cronacaonline.it\/index.php\/wp-json\/wp\/v2\/posts"}],"about":[{"href":"https:\/\/www.cronacaonline.it\/index.php\/wp-json\/wp\/v2\/types\/post"}],"author":[{"embeddable":true,"href":"https:\/\/www.cronacaonline.it\/index.php\/wp-json\/wp\/v2\/users\/2"}],"replies":[{"embeddable":true,"href":"https:\/\/www.cronacaonline.it\/index.php\/wp-json\/wp\/v2\/comments?post=165929"}],"version-history":[{"count":0,"href":"https:\/\/www.cronacaonline.it\/index.php\/wp-json\/wp\/v2\/posts\/165929\/revisions"}],"wp:featuredmedia":[{"embeddable":true,"href":"https:\/\/www.cronacaonline.it\/index.php\/wp-json\/"}],"wp:attachment":[{"href":"https:\/\/www.cronacaonline.it\/index.php\/wp-json\/wp\/v2\/media?parent=165929"}],"wp:term":[{"taxonomy":"category","embeddable":true,"href":"https:\/\/www.cronacaonline.it\/index.php\/wp-json\/wp\/v2\/categories?post=165929"},{"taxonomy":"post_tag","embeddable":true,"href":"https:\/\/www.cronacaonline.it\/index.php\/wp-json\/wp\/v2\/tags?post=165929"}],"curies":[{"name":"wp","href":"https:\/\/api.w.org\/{rel}","templated":true}]}}