{"id":165927,"date":"2018-10-16T14:19:01","date_gmt":"2018-10-16T12:19:01","guid":{"rendered":"http:\/\/www.cronacaonline.it\/public\/content\/?p=165927"},"modified":"2018-10-16T14:19:01","modified_gmt":"2018-10-16T12:19:01","slug":"consiglio-sardegna-esame-della-proposte-di-legge-n-550-norme-integrative-al-regio-decreto-29-luglio-1927-e-sulla-disciplina-dellattivita-mineraria-2","status":"publish","type":"post","link":"https:\/\/www.cronacaonline.it\/index.php\/2018\/10\/16\/consiglio-sardegna-esame-della-proposte-di-legge-n-550-norme-integrative-al-regio-decreto-29-luglio-1927-e-sulla-disciplina-dellattivita-mineraria-2\/","title":{"rendered":"Consiglio Sardegna &#8211; Esame della proposte di legge n.550\u00a0\u201cNorme integrative al regio decreto 29 luglio 1927 e sulla disciplina dell&#8217;attivit\u00e0 mineraria (2)"},"content":{"rendered":"<p>Cagliari, 16 Ott 2018 - Il presidente Pigliaru si \u00e8 rivolto all\u2019Aula per ricordare il progetto di metanizzazione dell\u2019Isola, del quale si \u00e8 ripreso a parlare nel 2016 in occasione del patto per la Sardegna sottoscritto con il governo \u201cAbbiamo preteso dal Governo che il cuore di questo patto fossero la continuit\u00e0 territoriale, la metanizzazione dell\u2019Isola e il miglioramento delle ferrovie della Sardegna\u201d, ha detto il presidente della Regione. Che ha proseguito: \u201cSiamo l\u2019unica regione senza metano perch\u00e9 siamo l\u2019unica regione realmente periferica. Nel 2014 abbiamo abbandonato il progetto Galsi, non pi\u00f9 realistico, e ci siamo mossi per cercare un sistema che si basi sul GNL con lo scopo di portare in maniera omogenea il metano in tutta la Sardegna. A fine luglio 2016 abbiamo poi sottoscritto il patto, che indica chiaramente l\u2019obiettivo della metanizzazione dell\u2019Isola a condizione di sicurezza e di prezzo identico a quello delle altre regioni italiane. Saranno le energie rinnovabili, in un prospettiva non lontanissima, a garantire il fabbisogno energetico della Sardegna: per questo nel Patto abbiamo pensato a un processo leggero di metanizzazione con una dorsale di gasdotti interna, da attuare per fasi, e con depositi costieri e un rigassificatore nell\u2019area di Cagliari. Si tratta di opere strategiche che avr\u00e0 una procedura autorizzativa autonoma rispetto alle altre opere pubbliche. Ci saranno poi meccanismi di compensazione per i consumatori sardi in modo da uniformare il prezzo in tutta Italia. Il governo con decreto 257 del 16 dicembre 2016 ha confermato questi impegni e negli atti legislativi e amministrativi successivi \u00e8 stato agli accordi, confermando una logica di transizione energetica.\u00a0 Nell\u2019area industriale di Porto Torres potrebbe trovare spazio un hub per un secondo rigassificatore.<\/p>\n<p>Si tratta della soluzione con il migliore impatto ambientale e territoriale possibile se vogliamo metanizzare la Sardegna in sicurezza e in condizioni di omogeneit\u00e0 del servizio nell\u2019intero territorio isolano. Il metano \u00e8 uno degli elementi essenziali per superare davvero il gap dell\u2019insularit\u00e0 per le famiglie sarde e per le imprese che operano in Sardegna.<\/p>\n<p>Per questo il 20 settembre abbiamo chiesto al premier Conte e al vicepremier Di Maio un incontro per valutare lo stato di attuazione del progetto di metanizzazione e siamo in attesa fiduciosa di una risposta\u201d.<\/p>\n<p>Dopo la comunicazione del presidente Pigliaru ha preso la parola per Forza Italia la capogruppo Alessandra Zedda ha detto: \u201cC\u2019\u00e8 un buco di tre anni nel progetto di metanizzazione e non \u00e8 ascrivibile a responsabilit\u00e0 del governo regionale. Andiamo avanti ma chiediamoci anche qual \u00e8 il progetto relativo alla produzione di energia elettrica della Sardegna? Qual \u00e8 il piano per l\u2019energia solare e fotovoltaica? Ci mancherebbe se non siamo d\u2019accordo per ridurre tutti i tempi\u00a0ma dovete dirlo al governo: per noi il metano \u00e8 una condizione di sviluppo necessario che lo Stato dive riconoscerci prima possibile\u201d.<\/p>\n<p>Per il Riformatore Attilio Dedoni \u201cabbiamo fatto grandi passi sull\u2019autoproduzione energetica in Sardegna ma penso che questo progetto di metanizzazione non sia altro che una riedizione del Galsi.\u00a0 Non mi accontento di sentire che ho avuto 120 milioni di euro in pi\u00f9 perch\u00e9 \u00e8 da anni che il metano ci viene negato dal governo nazionale.\u00a0Timeo danaos et dona ferentes: ho paura davanti a queste offerte vaghe, senza dettaglio\u201d.<\/p>\n<p>Pietro Cocco, capogruppo del Pd, \u00e8 intervenuto sul punto: \u201cCi sono protocolli mondiali che dicono a quali parametri ci dobbiamo adeguare sotto il profilo dell\u2019inquinamento e lo dico per rispondere a certe considerazioni che provengono sul GNL dal mondo ambientalista. \u00c8 necessario che si passi dal combustibile fossile alle sole rinnovabili. E in questo tempo necessario il metano \u00e8 la soluzione. Ogni anno senza metano costa ai sardi oltre 400 milioni di euro, una cifra rilevantissima che deve essere azzerata. Ha fatto bene il presidente Pigliaru a sollecitare l\u2019incontro con il governo Conte perch\u00e9 gli impegni si devono rispettare e non pu\u00f2 andare come \u00e8 andato per i denari destinati alla riqualificazione delle periferie. Stiamo uscendo dal carbone ma ci manca mezzo secolo ad arrivare alla produzione attraverso le fonti totalmente rinnovabili: il processo del metano per la Sardegna non pu\u00f2 essere assolutamente fermato e bisogna sostenere l\u2019azione della giunta regionale verso il governo\u201d.<\/p>\n<p>Il presidente ha dato la parola a Cesare Moriconi (Pd), che ha condiviso quanto sottolineato dal collega Cocco sulla necessit\u00e0 di fare presto per colmare un gap eccezionale che distingue la Sardegna da tutte le altre regioni italiane e d\u2019Europa. Il merito di questa Giunta \u00e8 che ha ripreso a parlare di metano.<\/p>\n<p>Per Moriconi \u00e8 importante che venga fatto un ulteriore approfondimento dei costi e benefici.\u00a0 Secondo il consigliere di maggioranza \u201cqueste opere infrastrutturali sono di gran lunga superiori al nostro fabbisogno\u201d.<\/p>\n<p>Emilio Usula (Misto) ha confermato la sua contrariet\u00e0 come gi\u00e0 espresso con il voto contrario all\u2019ordine del giorno del 24 luglio scorso. \u201c\u00c8 vero che la Sardegna \u00e8 in fortissimo ritardo, ma puntare sul metano con le modalit\u00e0 di\u00a0oggi\u00a0\u00e8 come prendere un treno che \u00e8 gi\u00e0 passato\u201d. La conferenza di Parigi ha gi\u00e0 chiesto la riduzione delle emissioni del gas metano entro il 2050. \u201cQuindi entro 30 anni deve essere avviata la dismissione dell\u201980 per cento delle emissioni del gas metano. Vale la pena investire tante risorse per qualcosa che potrebbe vedere i benefici nel 2030?\u201d. La Sardegna \u00e8 gi\u00e0 esportatrice di energia e con le fonti rinnovabili copre il 40 per cento del fabbisogno energetico. \u201cNoi come Rossomori e Autodeterminazione siamo autoconsumo e generazione da piccole fonti, rendere autonomi edifici pubblici, scuole e anche questo palazzo\u201d.\u00a0 Si utilizzino i 600 milioni \u2013 ha concluso - per la transizione a fonti energetiche sostenibili.<\/p>\n<p>Ha quindi preso la parola il presidente della Regione Sardegna, Francesco Pigliaru, per la replica. Al consigliere Dedoni ha risposto che si tratta di un progetto concreto, preciso ed \u00e8 andato molto avanti con diversi atti della Regione e del Governo italiano. Pigliaru ha sottolineato che si tratta di investimenti per oltre un miliardo e non 120 milioni. Riferendosi poi al consigliere Usula, il presidente della Regione ha spiegato che gli investimenti nella rete sono stati gi\u00e0 fatti in grandissima parte. Pigliaru ha ricordato di essere stato presidente della Commissione Enve (Ambiente, cambiamenti climatici ed energia)\u00a0e\u00a0\u00a0che la posizione da lui scritta \u00e8 stata approvata da 350 territori europei. Il capo dell\u2019Esecutivo ha affermato che il passaggio al metano \u00e8 una transizione energetica virtuosa perch\u00e9 si passa dal carbone al metano abbattendo le emissioni di co2. Una transizione verso un futuro di energie rinnovabili che ancora non c\u2019\u00e8. Pigliaru ha anche chiarito che i fondi sono utilizzabili soltanto per realizzare quest\u2019opera e che non possono essere spesi per altri interventi. Il presidente ha anche sottolineato che l\u2019infrastruttura che sar\u00e0 realizzata per la distribuzione del metano sar\u00e0 utilizzabile in futuro anche per il bio metano e per l\u2019idrogeno. Pigliaru ha poi auspicato una rapida risposta da parte del Governo.<\/p>\n<p>Il presidente del Consiglio Gianfranco Ganau ha quindi annunciato l\u2019esame della Proposta di legge n. 550 (Daniele Cocco e tutti i capigruppo) che modifica normativa e disciplina vigente in materia di attivit\u00e0 estrattive di cave e miniere. Il provvedimento, iscritto ai lavori dell\u2019Aula con la procedura d\u2019urgenza (articolo 102 del regolamento interno) \u00e8 stato oggetto di due riunioni della capigruppo con riferimento alla vertenza della ex Polar, la miniera di betonite a Piscinas (Sulcis).<\/p>\n<p>Il capogruppo dei Riformatori, Attilio Dedoni, intervenendo sull\u2019ordine dei lavori ha per\u00f2 chiesto il rinvio del testo in commissione, supportato dal consigliera Anna Maria Busia (Misto) e dalla capogruppo di Forza Italia, Alessandra Zedda, che ha ricordato la nota trasmessa da Confindustria affinch\u00e9 siano valutate e meglio approfondite le conseguenze e l\u2019applicazione delle norme proposte nella Pl 550.<\/p>\n<p>Per il mantenimento della proposta all\u2019ordine del giorno dei lavori dell\u2019Assemblea regionale si sono invece espressi il capogruppo di Art.1-Sdp, Daniele Cocco, il consigliere Art.1-Sdp, Luca Pizzutto e anche il neo consigliere di Fratelli d\u2019Italia, ex capogruppo Udc, Gianluigi Rubiu, insieme con il capogruppo del Pd, Pietro Cocco.<\/p>\n<p>Dopo una breve sospensione dei lavori, il presidente Ganau ha posto in votazione, per alzata di mano, la proposta di rinvio del testo in commissione, proposta che \u00e8 stata respinta a maggioranza. Il consigliere Luca Pizzutto (Art.1-Sdp) \u00e8 quindi intervenuto a sostegno del provvedimento in discussione auspicandone la rapida approvazione senza sostanziali modifiche al testo che \u2013 a suo giudizio \u2013 contrasta \u201cgli atteggiamenti predatori di certi\u00a0imprenditori senza scrupoli e tutela i lavoratori e l\u2019ambiente\u201d. Il consigliere di Forza Italia, Stefano Tunis ha quindi chiesto il rinvio della discussione generale nel pomeriggio ed il presidente Ganau ha quindi dichiarato conclusi i lavori ed ha annunciato la convocazione del Consiglio alle 16. Com<\/p>\n","protected":false},"excerpt":{"rendered":"<p>Cagliari, 16 Ott 2018 &#8211; Il presidente Pigliaru si \u00e8 rivolto all\u2019Aula per ricordare il progetto di metanizzazione dell\u2019Isola, del quale si \u00e8 ripreso a&#8230;<\/p>\n","protected":false},"author":2,"featured_media":28978,"comment_status":"closed","ping_status":"closed","sticky":false,"template":"","format":"standard","meta":[],"categories":[49,51,52],"tags":[],"_links":{"self":[{"href":"https:\/\/www.cronacaonline.it\/index.php\/wp-json\/wp\/v2\/posts\/165927"}],"collection":[{"href":"https:\/\/www.cronacaonline.it\/index.php\/wp-json\/wp\/v2\/posts"}],"about":[{"href":"https:\/\/www.cronacaonline.it\/index.php\/wp-json\/wp\/v2\/types\/post"}],"author":[{"embeddable":true,"href":"https:\/\/www.cronacaonline.it\/index.php\/wp-json\/wp\/v2\/users\/2"}],"replies":[{"embeddable":true,"href":"https:\/\/www.cronacaonline.it\/index.php\/wp-json\/wp\/v2\/comments?post=165927"}],"version-history":[{"count":0,"href":"https:\/\/www.cronacaonline.it\/index.php\/wp-json\/wp\/v2\/posts\/165927\/revisions"}],"wp:featuredmedia":[{"embeddable":true,"href":"https:\/\/www.cronacaonline.it\/index.php\/wp-json\/"}],"wp:attachment":[{"href":"https:\/\/www.cronacaonline.it\/index.php\/wp-json\/wp\/v2\/media?parent=165927"}],"wp:term":[{"taxonomy":"category","embeddable":true,"href":"https:\/\/www.cronacaonline.it\/index.php\/wp-json\/wp\/v2\/categories?post=165927"},{"taxonomy":"post_tag","embeddable":true,"href":"https:\/\/www.cronacaonline.it\/index.php\/wp-json\/wp\/v2\/tags?post=165927"}],"curies":[{"name":"wp","href":"https:\/\/api.w.org\/{rel}","templated":true}]}}