{"id":165880,"date":"2018-10-15T14:17:27","date_gmt":"2018-10-15T12:17:27","guid":{"rendered":"http:\/\/www.cronacaonline.it\/public\/content\/?p=165880"},"modified":"2018-10-15T14:17:27","modified_gmt":"2018-10-15T12:17:27","slug":"manovra-scontro-m5s-lega-sul-decreto-fisco-salvini-andiamo-avanti-ed-il-socio-di-maio-diserta-vertice","status":"publish","type":"post","link":"https:\/\/www.cronacaonline.it\/index.php\/2018\/10\/15\/manovra-scontro-m5s-lega-sul-decreto-fisco-salvini-andiamo-avanti-ed-il-socio-di-maio-diserta-vertice\/","title":{"rendered":"Manovra, scontro M5s-Lega sul decreto fisco: Salvini, andiamo avanti ed il socio Di Maio diserta vertice"},"content":{"rendered":"<p>Roma, 15 Ott 2018 - Tensione alle stelle tra M5s e Lega sul decreto fisco. Alla riunione in corso a Palazzo Chigi - in vista del Consiglio dei Ministri delle 17 - non partecipa Matteo Salvini (impegnato\u00a0all'assemblea nazionale di Confimi Industria, in corso a\u00a0Monza), ma nemmeno l'altro vicepremier Luigi Di Maio. A quanto si apprende si trova nella sede del governo, ma ha deciso di non prendere parte all'incontro.<\/p>\n<p>Tra i nodi da sciogliere - su cui non si riesce a trovare un punto di convergenza - si registra\u00a0l'assenza di una intesa sulla pace fiscale e alcune coperture finanziarie che\u00a0possono rischiare di mettere in discussione il gettito atteso dalla sanatoria,\u00a0imprescindibile per far fronte alle misure di spesa previste per il prossimo\u00a0anno, dal reddito di cittadinanza a quota 100. C'\u00e8 poi la questione delle\u00a0pensioni d'oro con il taglio che partir\u00e0 dagli assegni di importo pari a 4.500\u00a0euro netti al mese in su. Altro nodo, infine, \u00e8 quello di Alitalia. Proprio sulle coperture, Di Maio\u00a0- solo ieri - aveva spiegato con grande tranquillit\u00e0, senza nessun tentennamento - nel corso di un intervento in tv - che \"i soldi ci sono\u00a0e che si tratta di una manovra per il bene dell'Italia. Per la prima volta si fa\u00a0deficit per ripagare gli italiani\".<\/p>\n<p>Salvini - a margine dei lavori dell'assemblea di Confimi Industria, conversando con i giornalisti, ha ribadito che tirer\u00e0 dritto, senza alcun ripensamento: \"I furbetti ci sono in ogni settore,\u00a0sui furbetti nessuna transigenza, ma ci sono milioni di\u00a0italiani che convivono con le cartelle di Equitalia che li\u00a0stanno portando alla disperazione e al suicidio. Uno Stato\u00a0normale con questa gente ragiona e non continua a condannarla.\u00a0Mi dicono che non si pu\u00f2, ma volere \u00e8 potere, andremo fino in\u00a0fondo\". Poi ha di nuovo sottolineato che \u00e8:\"assolutamente convinto che il lavoro non\u00a0si crea per decreto. E' nei fatti che si vede e si fa la differenza\"; e non\u00a0solo: \"non penso che questo paese abbia bisogno di assistenza, ma che questo\u00a0paese abbia bisogno di impresa e lavoro vero\".<\/p>\n<p>Salvini incalza: se mancano due miliardi\" per la manovra, \"io da\u00a0ministro dell'Interno un miliardo lo metto a disposizione cash. Sono soldi in\u00a0meno detratti da spese dell'accoglienza alla Riace. Meno sbarchi vuol dire meno\u00a0costi e quel miliardo che gli italiani risparmiano grazie ai minori sbarchi\u00a0possiamo metterlo nella riduzione delle tasse. Quindi, io di mio la met\u00e0 della\u00a0copertura l'ho gi\u00e0 trovata\".<\/p>\n<p>L'accordo non arriva, e c'\u00e8 una certa preoccupazione generale. Tra 72 ore infatti, gioved\u00ec prossimo \u00e8 previsto l'Eurosummit e la\u00a0presentazione all'Ue della manovra (che dovr\u00e0 anche essere inviata entro il 20\u00a0alla Camere) da parte del premier Giuseppe Conte. I leader europei, che gi\u00e0\u00a0hanno criticato indirettamente, le mosse economiche del nostro paese sono pronti\u00a0nuovamente a ribadire la necessit\u00e0 che Roma rispetti le regole del Patto di\u00a0stabilit\u00e0 evitando eventuali shock.<\/p>\n<p>Nella serata di\u00a0ieri il premier Giuseppe Conte, a sottolineare il momento importante e complesso, ha spiegato che \"la riforma fiscale non si fa\u00a0tutta d'un tratto. Ora interveniamo in misura significativa ma sulla pressione\u00a0fiscale c'\u00e8 da lavorare ancora perch\u00e9 non \u00e8 ancora soddisfacente\".<\/p>\n<p>Il vicepremier - da Monza - ha sottolineato:\u00a0\"Il governo \u00e8 fatto da\u00a0due forze diverse per natura, radici, provenienza geografica e obiettivi\u00a0economici\", ma \"sono contento di aver accettato questa sfida. Ho scelto di\u00a0scommetterci e di metterci la faccia\", ha spiegato Salvini secondo il quale \"un\u00a0ipotetico governo tecnico in questi mesi di settembre e ottobre dove ci avrebbe\u00a0portato? Noi stiamo combattendo a colpi di spread. Guardo ai mercati, \u00e8 mio\u00a0dovere, per\u00f2 mi viene come il dubbio che se le ricette degli ultimi anni hanno\u00a0portato a questa situazione significa che dal punto di vista economica dobbiamo\u00a0cambiare\".<\/p>\n<p>\u201c\u00c8 mio dovere - ha sottolineato - pormi la domanda che o abbiamo\u00a0sbagliato medico o terapia. Questo seguire le indicazioni internazionali ha\u00a0portato il meglio delle nostre aziende e dei nostri grandi marchi a finire in\u00a0mani straniere\".<\/p>\n<p>Dopo la precisazione di ieri fonti di\u00a0governo ribadiscono che \"non sar\u00e0 il reddito su base\u00a0geografica ma le offerte di lavoro\".\u00a0Su Facebook il Movimento 5 stelle sottolinea nuovamente che\u00a0il reddito di cittadinanza \"\u00e8 la misura\" studiata \"per dare\u00a0una speranza a milioni di italiani che sono relegati ai margini\u00a0della societ\u00e0\", e poi critica aspramente il quotidiano la\u00a0Stampa, che oggi titola 'Reddito di cittadinanza, molti esclusi\u00a0al Sud. Il 47% andr\u00e0 al Nord'.<\/p>\n<p>\u201c\u00c8 una mistificazione degna\u00a0della Pravda per far credere che il Sud sar\u00e0 penalizzato - si\u00a0legge nel post - Le persone che sono state martoriate dalle\u00a0folli politiche economiche degli ultimi 20 anni, sempre\u00a0osannate dai giornalisti economici de La Stampa, sono in tutta\u00a0Italia. Giovani mai occupati, cinquantenni che hanno perso il\u00a0lavoro, imprenditori che sono stati costretti a chiudere\u00a0l'azienda, precari con uno stipendio da fame. Quindi \u00e8 normale\u00a0che le persone in difficolt\u00e0 siano presenti in tutta Italia.\u00a0Non ci saranno esclusi al sud, come non ci saranno esclusi al\u00a0nord. Semplicemente la distribuzione delle risorse, finalmente\u00a0trovate dopo che per anni i giornali avevano raccontato che era\u00a0impossibile, sar\u00e0 equa. Questa \u00e8 la pura e semplice verit\u00e0,\u00a0che viene stravolta per scopi propagandistici\".<\/p>\n","protected":false},"excerpt":{"rendered":"<p>Roma, 15 Ott 2018 &#8211; Tensione alle stelle tra M5s e Lega sul decreto fisco. Alla riunione in corso a Palazzo Chigi &#8211; in vista&#8230;<\/p>\n","protected":false},"author":2,"featured_media":165881,"comment_status":"closed","ping_status":"closed","sticky":false,"template":"","format":"standard","meta":[],"categories":[49,51],"tags":[],"_links":{"self":[{"href":"https:\/\/www.cronacaonline.it\/index.php\/wp-json\/wp\/v2\/posts\/165880"}],"collection":[{"href":"https:\/\/www.cronacaonline.it\/index.php\/wp-json\/wp\/v2\/posts"}],"about":[{"href":"https:\/\/www.cronacaonline.it\/index.php\/wp-json\/wp\/v2\/types\/post"}],"author":[{"embeddable":true,"href":"https:\/\/www.cronacaonline.it\/index.php\/wp-json\/wp\/v2\/users\/2"}],"replies":[{"embeddable":true,"href":"https:\/\/www.cronacaonline.it\/index.php\/wp-json\/wp\/v2\/comments?post=165880"}],"version-history":[{"count":0,"href":"https:\/\/www.cronacaonline.it\/index.php\/wp-json\/wp\/v2\/posts\/165880\/revisions"}],"wp:featuredmedia":[{"embeddable":true,"href":"https:\/\/www.cronacaonline.it\/index.php\/wp-json\/wp\/v2\/media\/165881"}],"wp:attachment":[{"href":"https:\/\/www.cronacaonline.it\/index.php\/wp-json\/wp\/v2\/media?parent=165880"}],"wp:term":[{"taxonomy":"category","embeddable":true,"href":"https:\/\/www.cronacaonline.it\/index.php\/wp-json\/wp\/v2\/categories?post=165880"},{"taxonomy":"post_tag","embeddable":true,"href":"https:\/\/www.cronacaonline.it\/index.php\/wp-json\/wp\/v2\/tags?post=165880"}],"curies":[{"name":"wp","href":"https:\/\/api.w.org\/{rel}","templated":true}]}}