{"id":165861,"date":"2018-10-15T09:35:12","date_gmt":"2018-10-15T07:35:12","guid":{"rendered":"http:\/\/www.cronacaonline.it\/public\/content\/?p=165861"},"modified":"2018-10-15T09:35:12","modified_gmt":"2018-10-15T07:35:12","slug":"commissione-speciale-regionale-artigianato-incentivi-alle-imprese-un-piano-di-sviluppo-pluriennale-sostegno-economico-ai-giovani-e-lotta-allabusivismo-anche-sui-social","status":"publish","type":"post","link":"https:\/\/www.cronacaonline.it\/index.php\/2018\/10\/15\/commissione-speciale-regionale-artigianato-incentivi-alle-imprese-un-piano-di-sviluppo-pluriennale-sostegno-economico-ai-giovani-e-lotta-allabusivismo-anche-sui-social\/","title":{"rendered":"Commissione speciale regionale artigianato \u2013 Incentivi alle imprese, un piano di sviluppo pluriennale, sostegno economico ai giovani e lotta all\u2019abusivismo anche sui social."},"content":{"rendered":"<p>Cagliari, 15 Ott 2018 - Rifinanziare la storica Legge 51 per l\u2019artigianato, programmare lo sviluppo triennale del settore, favorire il passaggio generazionale aziendale tra genitori e figli, sostenere i giovani imprenditori nell\u2019acquisto di locali in centro storico da adibire a bottega artigiana, supportare la creazione di reti di impresa artigiane ma anche incentivare la lotta all\u2019abusivismo con controlli pi\u00f9 serrati anche sulle attivit\u00e0 pubblicizzate sui social network, sviluppare maggiormente l\u2019artigianato tipico, tradizionale e alimentare e concedere contributi agli Enti Locali per eventi di valorizzazione delle imprese artigiane regolari.<\/p>\n<p>Sono questi alcuni dei contributi che Confartigianato Imprese Sardegna ha presentato alla \u201cCommissione speciale sulla grave situazione delle imprese dell'artigianato e del commercio\u201d, per supportare le oltre 35mila imprese dell\u2019Artigianato, settore che da anni \u00e8 colpito da una durissima crisi.<\/p>\n<p>\u201cCon il lavoro fatto per contribuire a \u201cdisegnare\u201d questa legge - affermano Antonio Matzutzi e Stefano Mameli, Presidente e Segretario di Confartigianato Imprese Sardegna \u2013 abbiamo voluto ribadire i punti cardine dell\u2019attivit\u00e0 che da sempre ci contraddistingue ovvero il sostegno economico alle imprese, la pianificazione pluriennale per la crescita del comparto, il contrasto al lavoro nero e all\u2019abusivismo, la promozione delle giovani imprese e lo sviluppo dell\u2019alimentare, senza dimenticare di affrontare tutte le altre problematiche che attanagliano e bloccano il nostro \u201cmondo\u201d.<\/p>\n<p>Il settore \u00e8 ancora profondamente colpito da una crisi cominciata dal 2008. Nei primi 6 mesi del 2018, hanno iniziato l\u2019attivit\u00e0 solo 1.626 imprese contro le 2.410 che hanno cessato, con una perdita netta di 784 realt\u00e0 produttive. Nel 2016 la diminuzione fu di 541 unit\u00e0 mentre dal 2008 a oggi ne sono scomparse definitivamente 7.456.<\/p>\n<p>\u201cCrediamo sia giunto il momento anche di ridare vita e ossigeno alla storica, apprezzata e indimenticata, Legge Regionale 51 del 1993 \u2013 continuano Matzutzi e Mameli \u2013 che per 20 anni ha consentito alle aziende di svilupparsi, potenziarsi, adeguarsi dimensionalmente e unirsi per crescere nelle produzioni e nella commercializzazione di prodotti e servizi\u201d. \u201cI nostri auspici \u2013 sottolineano Presidente e Segretario di Confartigianato Sardegna \u2013 sono che la Proposta, oltre ai concetti contenuti al suo interno, possa avere anche una adeguata attenzione dal punto di vista delle risorse, che l\u2019iter arrivi presto a conclusione e che la Commissione possa licenziare celermente e definitivamente la Proposta di Legge per poi affrontare il passaggio in Aula\u201d. \u201cL\u2019impegno e la condivisione ci sono stati \u2013 concludono Matzutzi e Mameli - ora sono necessari fatti tangibili e fondi a disposizione\u201d. Com<\/p>\n","protected":false},"excerpt":{"rendered":"<p>Cagliari, 15 Ott 2018 &#8211; Rifinanziare la storica Legge 51 per l\u2019artigianato, programmare lo sviluppo triennale del settore, favorire il passaggio generazionale aziendale tra genitori&#8230;<\/p>\n","protected":false},"author":2,"featured_media":135223,"comment_status":"closed","ping_status":"closed","sticky":false,"template":"","format":"standard","meta":[],"categories":[49,51,53],"tags":[],"_links":{"self":[{"href":"https:\/\/www.cronacaonline.it\/index.php\/wp-json\/wp\/v2\/posts\/165861"}],"collection":[{"href":"https:\/\/www.cronacaonline.it\/index.php\/wp-json\/wp\/v2\/posts"}],"about":[{"href":"https:\/\/www.cronacaonline.it\/index.php\/wp-json\/wp\/v2\/types\/post"}],"author":[{"embeddable":true,"href":"https:\/\/www.cronacaonline.it\/index.php\/wp-json\/wp\/v2\/users\/2"}],"replies":[{"embeddable":true,"href":"https:\/\/www.cronacaonline.it\/index.php\/wp-json\/wp\/v2\/comments?post=165861"}],"version-history":[{"count":0,"href":"https:\/\/www.cronacaonline.it\/index.php\/wp-json\/wp\/v2\/posts\/165861\/revisions"}],"wp:featuredmedia":[{"embeddable":true,"href":"https:\/\/www.cronacaonline.it\/index.php\/wp-json\/wp\/v2\/media\/135223"}],"wp:attachment":[{"href":"https:\/\/www.cronacaonline.it\/index.php\/wp-json\/wp\/v2\/media?parent=165861"}],"wp:term":[{"taxonomy":"category","embeddable":true,"href":"https:\/\/www.cronacaonline.it\/index.php\/wp-json\/wp\/v2\/categories?post=165861"},{"taxonomy":"post_tag","embeddable":true,"href":"https:\/\/www.cronacaonline.it\/index.php\/wp-json\/wp\/v2\/tags?post=165861"}],"curies":[{"name":"wp","href":"https:\/\/api.w.org\/{rel}","templated":true}]}}