{"id":165858,"date":"2018-10-15T09:27:40","date_gmt":"2018-10-15T07:27:40","guid":{"rendered":"http:\/\/www.cronacaonline.it\/public\/content\/?p=165858"},"modified":"2018-10-15T09:27:40","modified_gmt":"2018-10-15T07:27:40","slug":"il-sub-sinnai-campione-ditalia-di-apnea-outdoor-2018","status":"publish","type":"post","link":"https:\/\/www.cronacaonline.it\/index.php\/2018\/10\/15\/il-sub-sinnai-campione-ditalia-di-apnea-outdoor-2018\/","title":{"rendered":"Il Sub Sinnai campione d\u2019Italia di apnea outdoor 2018"},"content":{"rendered":"<p>Cagliari, 15 Ott 2018 - Si sono conclusi i campionati italiani di apnea in assetto costante a Villasimius svoltisi dal 12 al 14 ottobre rispettivamente nelle specialit\u00e0 rana, bipinne e monopinna. Quest'ultima prevista nella giornata di domenica \u00e8 stata purtroppo annullata per le condizioni meteo. Nella giornata di venerd\u00ec nella specialit\u00e0 senza attrezzi podio femminile composto da Giovanna Pettinau (SubSinnai), seconda con -20 metri e Yara Espis (Blueworld) con - 41 metri e campionessa italiana. Podio maschile cos\u00ec composto: terzo posto per Fabio Russo Lucerna (ASD Acquatica) con - 46 metri, secondo posto per Davide Carrera (SubSinnai) con - 51 metri e primo posto per Antonio Mogavero (Y-40) con -53 metri e campione italiano. Sabato nella specialit\u00e0 bipinne femminile terzo posto per Marianna Zarbo (ASD Acquatica) con -30 metri, secondo posto Yara Espis (Blueworld) con -55 metri e primo posto per Chiara Obino (Blueworld) con -75 metri. Sul Podio maschile bipinne al terzo posto Daniele Pisu (SubSinnai) con - 65 metri, secondo posto Davide Carrera (SubSinnai) con - 66 metri e primo posto per Antonio Mogavero (Y-40) con -78 metri e campione italiano. Alla societ\u00e0 SubSinnai \u00e8 andato il titolo di Campione d'Italia di Apnea Outdoor 2018 per societ\u00e0. Com<\/p>\n","protected":false},"excerpt":{"rendered":"<p>Cagliari, 15 Ott 2018 &#8211; Si sono conclusi i campionati italiani di apnea in assetto costante a Villasimius svoltisi dal 12 al 14 ottobre rispettivamente&#8230;<\/p>\n","protected":false},"author":2,"featured_media":165859,"comment_status":"closed","ping_status":"closed","sticky":false,"template":"","format":"standard","meta":[],"categories":[49,51,56],"tags":[],"_links":{"self":[{"href":"https:\/\/www.cronacaonline.it\/index.php\/wp-json\/wp\/v2\/posts\/165858"}],"collection":[{"href":"https:\/\/www.cronacaonline.it\/index.php\/wp-json\/wp\/v2\/posts"}],"about":[{"href":"https:\/\/www.cronacaonline.it\/index.php\/wp-json\/wp\/v2\/types\/post"}],"author":[{"embeddable":true,"href":"https:\/\/www.cronacaonline.it\/index.php\/wp-json\/wp\/v2\/users\/2"}],"replies":[{"embeddable":true,"href":"https:\/\/www.cronacaonline.it\/index.php\/wp-json\/wp\/v2\/comments?post=165858"}],"version-history":[{"count":0,"href":"https:\/\/www.cronacaonline.it\/index.php\/wp-json\/wp\/v2\/posts\/165858\/revisions"}],"wp:featuredmedia":[{"embeddable":true,"href":"https:\/\/www.cronacaonline.it\/index.php\/wp-json\/wp\/v2\/media\/165859"}],"wp:attachment":[{"href":"https:\/\/www.cronacaonline.it\/index.php\/wp-json\/wp\/v2\/media?parent=165858"}],"wp:term":[{"taxonomy":"category","embeddable":true,"href":"https:\/\/www.cronacaonline.it\/index.php\/wp-json\/wp\/v2\/categories?post=165858"},{"taxonomy":"post_tag","embeddable":true,"href":"https:\/\/www.cronacaonline.it\/index.php\/wp-json\/wp\/v2\/tags?post=165858"}],"curies":[{"name":"wp","href":"https:\/\/api.w.org\/{rel}","templated":true}]}}