{"id":165757,"date":"2018-10-12T11:03:01","date_gmt":"2018-10-12T09:03:01","guid":{"rendered":"http:\/\/www.cronacaonline.it\/public\/content\/?p=165757"},"modified":"2018-10-12T11:03:01","modified_gmt":"2018-10-12T09:03:01","slug":"individuato-un-magazzino-di-prodotti-non-sicuri-e-recanti-la-marcatura-ce-contraffatta-sequestrati-oltre-2-milioni-di-articoli","status":"publish","type":"post","link":"https:\/\/www.cronacaonline.it\/index.php\/2018\/10\/12\/individuato-un-magazzino-di-prodotti-non-sicuri-e-recanti-la-marcatura-ce-contraffatta-sequestrati-oltre-2-milioni-di-articoli\/","title":{"rendered":"Individuato un magazzino di prodotti non sicuri e recanti la marcatura \u201cCe\u201d contraffatta: sequestrati oltre 2 milioni di articoli."},"content":{"rendered":"<p>Cagliari, 12 Ott 2018 - I militari della Guardia di Finanza di Cagliari, nell\u2019ambito dell\u2019ulteriore intensificazione della lotta alla contraffazione ed alla commercializzazione di prodotti non sicuri, partendo dall\u2019analisi delle informazioni acquisite a seguito dei numerosi sequestri effettuati negli ultimi mesi, sono risaliti ai canali di approvvigionamento di prodotti non originali e non conformi agli standard di sicurezza previsti ed oggetto di commercializzazione in tutta la provincia.<\/p>\n<p>Un\u2019ampia attivit\u00e0 di controllo del territorio e d\u2019intelligence hanno permesso di individuare nella campagne di Assemini, in localit\u00e0 Troncu Is Follas, un capannone di circa 600 mq, nella disponibilit\u00e0 di una societ\u00e0 di Cagliari operante nel settore del commercio all\u2019ingrosso.<\/p>\n<p>I particolari del servizio verranno illustrati nell\u2019ambito di una conferenza stampa che si terr\u00e0 alle ore 10.30 odierne presso la sede del Comando Regionale della Guardia di Finanza di Cagliari, Viale Armando Diaz 168.<\/p>\n","protected":false},"excerpt":{"rendered":"<p>Cagliari, 12 Ott 2018 &#8211; I militari della Guardia di Finanza di Cagliari, nell\u2019ambito dell\u2019ulteriore intensificazione della lotta alla contraffazione ed alla commercializzazione di prodotti&#8230;<\/p>\n","protected":false},"author":2,"featured_media":164720,"comment_status":"closed","ping_status":"closed","sticky":false,"template":"","format":"standard","meta":[],"categories":[49,51,55],"tags":[],"_links":{"self":[{"href":"https:\/\/www.cronacaonline.it\/index.php\/wp-json\/wp\/v2\/posts\/165757"}],"collection":[{"href":"https:\/\/www.cronacaonline.it\/index.php\/wp-json\/wp\/v2\/posts"}],"about":[{"href":"https:\/\/www.cronacaonline.it\/index.php\/wp-json\/wp\/v2\/types\/post"}],"author":[{"embeddable":true,"href":"https:\/\/www.cronacaonline.it\/index.php\/wp-json\/wp\/v2\/users\/2"}],"replies":[{"embeddable":true,"href":"https:\/\/www.cronacaonline.it\/index.php\/wp-json\/wp\/v2\/comments?post=165757"}],"version-history":[{"count":0,"href":"https:\/\/www.cronacaonline.it\/index.php\/wp-json\/wp\/v2\/posts\/165757\/revisions"}],"wp:featuredmedia":[{"embeddable":true,"href":"https:\/\/www.cronacaonline.it\/index.php\/wp-json\/wp\/v2\/media\/164720"}],"wp:attachment":[{"href":"https:\/\/www.cronacaonline.it\/index.php\/wp-json\/wp\/v2\/media?parent=165757"}],"wp:term":[{"taxonomy":"category","embeddable":true,"href":"https:\/\/www.cronacaonline.it\/index.php\/wp-json\/wp\/v2\/categories?post=165757"},{"taxonomy":"post_tag","embeddable":true,"href":"https:\/\/www.cronacaonline.it\/index.php\/wp-json\/wp\/v2\/tags?post=165757"}],"curies":[{"name":"wp","href":"https:\/\/api.w.org\/{rel}","templated":true}]}}