{"id":165428,"date":"2018-10-04T18:38:07","date_gmt":"2018-10-04T16:38:07","guid":{"rendered":"http:\/\/www.cronacaonline.it\/public\/content\/?p=165428"},"modified":"2018-10-04T18:38:07","modified_gmt":"2018-10-04T16:38:07","slug":"formazione-caregiver-arru-frutto-di-un-percorso-durissimo-nato-dal-confronto-con-il-comitato-16-novembre","status":"publish","type":"post","link":"https:\/\/www.cronacaonline.it\/index.php\/2018\/10\/04\/formazione-caregiver-arru-frutto-di-un-percorso-durissimo-nato-dal-confronto-con-il-comitato-16-novembre\/","title":{"rendered":"Formazione Caregiver, Arru: frutto di un percorso durissimo, nato dal confronto con il comitato 16 novembre."},"content":{"rendered":"<p>Cagliari, 4 Ott 2018 -\u00a0Presentati\u00a0oggi, alle presenza dell\u2019assessora del Lavoro, Virginia Mura, e dell\u2019assessore della Sanit\u00e0, Luigi Arru, i risultati del Progetto Formazione Caregiver Sardegna, realizzato dal capofila Isforcoop, in collaborazione con la Societ\u00e0 cooperativa \u201cAnziani e non solo\u201d e lo IAL Sardegna. Il progetto sperimentale, il primo mai realizzato in Italia per \u201ccaregiver\u201d - i familiari e gli assistenti familiari che svolgono attivit\u00e0 di cura e di accompagnamento di persone in condizioni di non autosufficienza grave e gravissima - \u00e8 finanziato dall\u2019assessorato del Lavoro con risorse del Fondo Sociale Europeo ed ha coinvolto inizialmente 143 beneficiari.<br \/>\n\u201cSono molto soddisfatto di questo risultato\u201d, ha dichiarato l\u2019assessore della Sanit\u00e0, Luigi Arru, \u201cfrutto di un percorso durissimo, nato dall\u2019interlocuzione con il Comitato '16 novembre', e con il suo rappresentante, che ora non c\u2019\u00e8 pi\u00f9: Salvatore Usala, un paziente che ha svolto una coraggiosa battaglia nazionale a tutela del fondo per la disabilit\u00e0. Il programma 'Ritornare a casa' ha portato persone in un contesto difficile come quello della rianimazione nell\u2019ambiente domiciliare e ha finanziato le famiglie dei pazienti gravi per dotarsi di tre assistenti con funzione di caregiver. Con l\u2019assessorato del Lavoro\u201d, ha concluso il titolare della Sanit\u00e0, \u201cabbiamo lavorato per individuare gli strumenti necessari per valorizzare le competenze di queste figure che hanno un compito molto delicato, fino ad elaborare in collaborazione un corso di formazione con un sistema di apprendimento esperienziale, con attivit\u00e0 sia in rianimazione, sia con le Rsa\u201d.<br \/>\n\u201cDal 2015\" ha dichiarato l\u2019assessora del Lavoro, Virginia Mura, \u201cabbiamo individuato le molte criticit\u00e0 da risolvere, per dare ai famigliari che assistono pazienti con handicap gravissimi, dentro le mura domestiche, la possibilit\u00e0 di relazionarsi in modo efficace con i propri assististi e con le strutture e servizi socio sanitari. L\u2019assessorato - ha proseguito Mura - ha stabilito come priorit\u00e0 nel percorso formativo la validazione delle conoscenze pregresse e la certificazione finale delle competenze, per agevolare l\u2019ingresso o il reingresso nel mondo del lavoro dei caregiver, una volta terminata l\u2019attivit\u00e0 di cura. Per ottenere tali risultati, \u00e8 stato necessario conciliare le esigenze di cura dei caregiver con l\u2019attivit\u00e0 formativa, prevedendo a tale scopo anche ore di formazione in modalit\u00e0 e-learning. La pratica nelle strutture sanitarie pubbliche ha visto impegnato il personale degli ospedali nella gestione delle ordinarie attivit\u00e0 e in contemporanea nel tutoraggio dei corsisti. I risultati ottenuti sono decisamente incoraggianti e ci impegniamo a recuperare altre risorse, per un ulteriore percorso formativo che interessi i beneficiari della fase sperimentale, e\/o per allargare l\u2019esperienza a ulteriori destinatari\u201d.\u00a0Red<\/p>\n","protected":false},"excerpt":{"rendered":"<p>Cagliari, 4 Ott 2018 &#8211;\u00a0Presentati\u00a0oggi, alle presenza dell\u2019assessora del Lavoro, Virginia Mura, e dell\u2019assessore della Sanit\u00e0, Luigi Arru, i risultati del Progetto Formazione Caregiver Sardegna,&#8230;<\/p>\n","protected":false},"author":2,"featured_media":165429,"comment_status":"closed","ping_status":"closed","sticky":false,"template":"","format":"standard","meta":[],"categories":[51],"tags":[],"_links":{"self":[{"href":"https:\/\/www.cronacaonline.it\/index.php\/wp-json\/wp\/v2\/posts\/165428"}],"collection":[{"href":"https:\/\/www.cronacaonline.it\/index.php\/wp-json\/wp\/v2\/posts"}],"about":[{"href":"https:\/\/www.cronacaonline.it\/index.php\/wp-json\/wp\/v2\/types\/post"}],"author":[{"embeddable":true,"href":"https:\/\/www.cronacaonline.it\/index.php\/wp-json\/wp\/v2\/users\/2"}],"replies":[{"embeddable":true,"href":"https:\/\/www.cronacaonline.it\/index.php\/wp-json\/wp\/v2\/comments?post=165428"}],"version-history":[{"count":0,"href":"https:\/\/www.cronacaonline.it\/index.php\/wp-json\/wp\/v2\/posts\/165428\/revisions"}],"wp:featuredmedia":[{"embeddable":true,"href":"https:\/\/www.cronacaonline.it\/index.php\/wp-json\/wp\/v2\/media\/165429"}],"wp:attachment":[{"href":"https:\/\/www.cronacaonline.it\/index.php\/wp-json\/wp\/v2\/media?parent=165428"}],"wp:term":[{"taxonomy":"category","embeddable":true,"href":"https:\/\/www.cronacaonline.it\/index.php\/wp-json\/wp\/v2\/categories?post=165428"},{"taxonomy":"post_tag","embeddable":true,"href":"https:\/\/www.cronacaonline.it\/index.php\/wp-json\/wp\/v2\/tags?post=165428"}],"curies":[{"name":"wp","href":"https:\/\/api.w.org\/{rel}","templated":true}]}}