{"id":165383,"date":"2018-10-03T20:15:59","date_gmt":"2018-10-03T18:15:59","guid":{"rendered":"http:\/\/www.cronacaonline.it\/public\/content\/?p=165383"},"modified":"2018-10-03T20:15:59","modified_gmt":"2018-10-03T18:15:59","slug":"manovra-vertice-di-governo-a-palazzo-chigi-conte-paese-riparte-orgoglio-italia","status":"publish","type":"post","link":"https:\/\/www.cronacaonline.it\/index.php\/2018\/10\/03\/manovra-vertice-di-governo-a-palazzo-chigi-conte-paese-riparte-orgoglio-italia\/","title":{"rendered":"Manovra, vertice di governo a Palazzo Chigi. Conte: Paese riparte, orgoglio Italia"},"content":{"rendered":"<p>Roma, 3 Ott 2018 - Vertice a Palazzo Chigi sulla manovra. Alla riunione hanno partecipato, come nella giornata di ieri, il premier Giuseppe Conte, i vicepremier Luigi Di Maio e Matteo Salvini, il ministro dell'economia Giovanni Tria, il ministro degli esteri Enzo Moavero e il sottosegretario alla presidenza del consiglio Giancarlo Giorgetti, i due sottosegretari all'Economia Massimo Garavaglia (lega) e Laura Castelli (M5s). Il vertice era inizialmente previsto per le 17. Alla riunione si attende che venga formalizzato il placet del governo sulla nota di aggiornamento al Def.<\/p>\n<p>Il premier Conte ha annunciato l'accordo di governo sul deficit. Il rapporto\u00a0disavanzo-Pil resta confermato al 2,4% nel 2019, per poi scendere al 2,1% nel 2020 e all'1,8% nel 2021. Conte ha dichiarato inoltre: \"non rinunceremo a ci\u00f2 che abbiamo scritto nel contratto di governo: non erano promesse elettorali\".\u00a0Il governo, ha spiegato,\u00a0metter\u00e0 in atto un \"piano di manutenzione ordinaria e straordinario\". \"Il nostro paese - ha aggiunto - ha bisogno di riforme di infrastrutture materiali e immateriali\" per questo si dovr\u00e0 \"lavorare sulla digitalizzazione\" e \"tutto ci\u00f2 consentir\u00e0 un rapporto pi\u00f9 amichevole con la Pa e consentir\u00e0 investimenti pi\u00f9 spediti\".\u00a0\"Il tasso di disoccupazione che \u00e8 sceso sotto il 10% e ragionevolmente scender\u00e0 intorno all'8 se non al 7% nel triennio \", ha detto il premier.<\/p>\n<p>\"Il Paese riparte, rilanciamo la crescita\u00a0economica, lo sviluppo sociale, una pubblica amministrazione\u00a0amica, un fisco amico; c'\u00e8 equit\u00e0 e sviluppo sociale\". Cos\u00ec il\u00a0presidente del Consiglio Giuseppe Conte. \"Non andiamo a tagliare, ma invertiamo il trend nella sanit\u00e0 -\u00a0aggiunge - investiamo in istruzione, ricerca, innovazione\u00a0tecnologica\". Una manovra, conclude, che ci render\u00e0 \"orgogliosi\u00a0di essere italiani\".<\/p>\n<p>Anche il vicepremier Luigi Di Maio insiste sul deficit. \"Abbassiamo il deficit senza sacrificare misure fondamentali che restano il cuore della manovra che, invece di far pagare il popolo, ripaga il popolo di tante ruberie\", ha detto Di Maio, spiegando che \"pensione e reddito di cittadinanza, la riforma dei centro dell'impiego, il fondo per risarcire i truffati dalle banche sono le quattro misure finanziate nel 2019-2020-2021\".<\/p>\n<p>\"Nel 2019 dimezzeremo il gap di crescita che divide\u00a0l'Italia dall'Europa\", ha detto il ministro dell'Economia, Giovanni Tria. \"Avevamo promesso di aumentare il tasso di crescita perch\u00e9 vogliamo eliminare\u00a0il gap fra il tasso crescita dell'Italia e della Ue. Con questa manovra arriveremo a dimezzare il gap del tasso crescita italiano ed europeo nel primo anno\", ha sottolineato Tria.<\/p>\n<p>\"Tra gli impegni presi che cominciamo a mettere in pratica c'\u00e8 il superamento della legge Fornero che vedr\u00e0 la possibilit\u00e0, e non l'obbligo, di andare in pensione con qualche anno di anticipo gi\u00e0 dall'anno prossimo, senza alcun tipo di penalizzazione\". Lo ha detto il vicepremier Matteo Salvini in conferenza stampa a Palazzo Chigi.<\/p>\n<p>Il vicepremier Salvini ha aggiunto che la manovra include \"la flat tax al 15% per le partite Iva e i piccoli dimenticati dalla sinistra, e uno sconto fiscale per le imprese che investiranno assumendo o acquistando macchinari. Insomma, una pesante e abbondante manovra a favore di imprese, autonomi e partite Iva\". Il titolare del Viminale ha concluso annunciando\u00a0un \"piano straordinario di assunzione per circa 10mila donne e uomini nelle forze dell'ordine\".<\/p>\n<p>\"Per la prima volta non ci saranno tagli alla sanit\u00e0, aumenter\u00e0 il fondo sanitario nazionale di oltre un miliardo e stiamo rimodulando la spesa pubblica per trovare nuove risorse per il settore'\": Lo ha detto il ministro della Salute Giulia Grillo uscendo dal vertice a Palazzo Chigi. \"Questo perch\u00e9 - ha precisato il ministro ai microfoni di Rainews24 - il nostro governo ha deciso che \u00e8 una delle priorit\u00e0 su cui poter investire\".<\/p>\n<p>Oggi in precedenza\u00a0il ministro per gli Affari europei, Paolo Savona, nel corso di un incontro a Strasburgo con gli eurodeputati italiani aveva dichiarato:\u00a0\"Non ho nessuna idea di intraprendere un'azione contro l'euro\". Per Savona \"c'\u00e8 chi vuole l'Europa e chi fa finta di volerla ma la vuole infilare in un cul de sac. L'Europa \u00e8 fatta per dare opportunit\u00e0, non per porre vincoli\".<\/p>\n<p>\"L'Italia - ha proseguito Savona - \u00e8 decisamente diversa dalla Grecia: abbiamo una fortissima struttura industriale, abbiamo un ammontare di ricchezze enrome che, non trovando riscontro nel Paese, n\u00e9 protezione politica, n\u00e9 rendimento sufficiente, defluisce sull'estero\". Il ministro ha inoltre parlato del fisco.\u00a0\"Se si fa il condono fiscale, turiamoci il naso, ma siamo in grado di finanziare operazioni importanti, come l'intera Fornero\", ha detto Savona. \"Lo abbiamo chiamata Pace Fiscale\".<\/p>\n","protected":false},"excerpt":{"rendered":"<p>Roma, 3 Ott 2018 &#8211; Vertice a Palazzo Chigi sulla manovra. Alla riunione hanno partecipato, come nella giornata di ieri, il premier Giuseppe Conte, i&#8230;<\/p>\n","protected":false},"author":2,"featured_media":165384,"comment_status":"closed","ping_status":"closed","sticky":false,"template":"","format":"standard","meta":[],"categories":[49,51],"tags":[],"_links":{"self":[{"href":"https:\/\/www.cronacaonline.it\/index.php\/wp-json\/wp\/v2\/posts\/165383"}],"collection":[{"href":"https:\/\/www.cronacaonline.it\/index.php\/wp-json\/wp\/v2\/posts"}],"about":[{"href":"https:\/\/www.cronacaonline.it\/index.php\/wp-json\/wp\/v2\/types\/post"}],"author":[{"embeddable":true,"href":"https:\/\/www.cronacaonline.it\/index.php\/wp-json\/wp\/v2\/users\/2"}],"replies":[{"embeddable":true,"href":"https:\/\/www.cronacaonline.it\/index.php\/wp-json\/wp\/v2\/comments?post=165383"}],"version-history":[{"count":0,"href":"https:\/\/www.cronacaonline.it\/index.php\/wp-json\/wp\/v2\/posts\/165383\/revisions"}],"wp:featuredmedia":[{"embeddable":true,"href":"https:\/\/www.cronacaonline.it\/index.php\/wp-json\/wp\/v2\/media\/165384"}],"wp:attachment":[{"href":"https:\/\/www.cronacaonline.it\/index.php\/wp-json\/wp\/v2\/media?parent=165383"}],"wp:term":[{"taxonomy":"category","embeddable":true,"href":"https:\/\/www.cronacaonline.it\/index.php\/wp-json\/wp\/v2\/categories?post=165383"},{"taxonomy":"post_tag","embeddable":true,"href":"https:\/\/www.cronacaonline.it\/index.php\/wp-json\/wp\/v2\/tags?post=165383"}],"curies":[{"name":"wp","href":"https:\/\/api.w.org\/{rel}","templated":true}]}}