{"id":165347,"date":"2018-10-03T14:01:00","date_gmt":"2018-10-03T12:01:00","guid":{"rendered":"http:\/\/www.cronacaonline.it\/public\/content\/?p=165347"},"modified":"2018-10-03T14:01:00","modified_gmt":"2018-10-03T12:01:00","slug":"pregiudicato-di-41-anni-di-cagliari-arrestata-dai-carabinieri-per-rapina-impropria","status":"publish","type":"post","link":"https:\/\/www.cronacaonline.it\/index.php\/2018\/10\/03\/pregiudicato-di-41-anni-di-cagliari-arrestata-dai-carabinieri-per-rapina-impropria\/","title":{"rendered":"Pregiudicato di 41 anni di Cagliari arrestata dai carabinieri per rapina impropria"},"content":{"rendered":"<p>Cagliari, 3 Ott 2018 - Durante il primo pomeriggio di ieri i carabinieri della Stazione di Ca-Sant\u2019Avendrace hanno arrestato per il reato di rapina impropria, una pregiudicata cagliaritana di 41 anni. Quest\u2019ultima infatti, si era introdotta intorno alle 11:30 all\u2019interno del negozio \u201cKiko\u201d situato all\u2019interno del centro commerciale Auchan di Santa Gilla e, pensando di non essere notata da alcun dipendente, in maniera furtiva e veloce, si \u00e8 impossessata di cosmetici e vari prodotti per la cura del corpo per poi, dopo averli opportunamente occultati, si \u00e8 allontanata oltre la barriera casse evitando di essere vista ed omettendo il relativo pagamento.<\/p>\n<p>La donna per\u00f2 veniva \u00e8 stata notata da una dipendente del negozio che ha provato a fermarla, ma \u00e8 stata dalla pregiudicata, minacciata e colpita addirittura con un pugno. Pertanto sono stati chiamati subito o carabinieri che poco dopo sono giunti sul posto e immobilizzato e arrestato la 41enne.<\/p>\n<p>La refurtiva veniva \u00e8 stata restituita all\u2019attivit\u00e0 commerciale e la pregiudicata \u00e8 stata messa agli arresti domiciliari in attesa del rito direttissimo in corso di svolgimento.<\/p>\n","protected":false},"excerpt":{"rendered":"<p>Cagliari, 3 Ott 2018 &#8211; Durante il primo pomeriggio di ieri i carabinieri della Stazione di Ca-Sant\u2019Avendrace hanno arrestato per il reato di rapina impropria,&#8230;<\/p>\n","protected":false},"author":2,"featured_media":165348,"comment_status":"closed","ping_status":"closed","sticky":false,"template":"","format":"standard","meta":[],"categories":[49,51,55],"tags":[],"_links":{"self":[{"href":"https:\/\/www.cronacaonline.it\/index.php\/wp-json\/wp\/v2\/posts\/165347"}],"collection":[{"href":"https:\/\/www.cronacaonline.it\/index.php\/wp-json\/wp\/v2\/posts"}],"about":[{"href":"https:\/\/www.cronacaonline.it\/index.php\/wp-json\/wp\/v2\/types\/post"}],"author":[{"embeddable":true,"href":"https:\/\/www.cronacaonline.it\/index.php\/wp-json\/wp\/v2\/users\/2"}],"replies":[{"embeddable":true,"href":"https:\/\/www.cronacaonline.it\/index.php\/wp-json\/wp\/v2\/comments?post=165347"}],"version-history":[{"count":0,"href":"https:\/\/www.cronacaonline.it\/index.php\/wp-json\/wp\/v2\/posts\/165347\/revisions"}],"wp:featuredmedia":[{"embeddable":true,"href":"https:\/\/www.cronacaonline.it\/index.php\/wp-json\/wp\/v2\/media\/165348"}],"wp:attachment":[{"href":"https:\/\/www.cronacaonline.it\/index.php\/wp-json\/wp\/v2\/media?parent=165347"}],"wp:term":[{"taxonomy":"category","embeddable":true,"href":"https:\/\/www.cronacaonline.it\/index.php\/wp-json\/wp\/v2\/categories?post=165347"},{"taxonomy":"post_tag","embeddable":true,"href":"https:\/\/www.cronacaonline.it\/index.php\/wp-json\/wp\/v2\/tags?post=165347"}],"curies":[{"name":"wp","href":"https:\/\/api.w.org\/{rel}","templated":true}]}}