{"id":165322,"date":"2018-10-02T15:56:27","date_gmt":"2018-10-02T13:56:27","guid":{"rendered":"http:\/\/www.cronacaonline.it\/public\/content\/?p=165322"},"modified":"2018-10-02T15:56:27","modified_gmt":"2018-10-02T13:56:27","slug":"presidenza-ue-austria-italia-chiarisca-manovra-dombrovskis-ue-pronta-ad-applicare-regole-patto-di-maio-governo-non-arretrera","status":"publish","type":"post","link":"https:\/\/www.cronacaonline.it\/index.php\/2018\/10\/02\/presidenza-ue-austria-italia-chiarisca-manovra-dombrovskis-ue-pronta-ad-applicare-regole-patto-di-maio-governo-non-arretrera\/","title":{"rendered":"Presidenza Ue Austria: Italia chiarisca Manovra. Dombrovskis: Ue pronta ad applicare regole patto. Di Maio: governo non arretrer\u00e0."},"content":{"rendered":"<p>Bruxelles, 2 Ott 2018 - \"Il primo piano di bilancio pare muoversi in una\u00a0direzione che va ben al di l\u00e0 della flessibilit\u00e0. Quello che ha sottolineato\u00a0il presidente Juncker \u00e8 che abbiamo bisogno di applicare le regole del Patto di\u00a0stabilit\u00e0 e crescita, ed \u00e8 questo che la Commissione \u00e8 disposta a fare\". Lo\u00a0afferma il vicepresidente della Commissione Ue, Valdis Dombrovskis, nella\u00a0conferenza stampa al termine dell'Ecofin a Lussemburgo, rispondendo a una\u00a0domanda sulla manovra italiana dopo le dichiarazioni di ieri del presidente\u00a0della Commissone Ue, Jean-Claude Juncker.<\/p>\n<p>\"Il presidente Juncker - precisa il\u00a0suo vice - ha detto che dobbiamo essere rigidi ma giusti. Ha chiesto\u00a0un'applicazione equa delle regole. Come commissione Ue sapete che abbiamo\u00a0presentato una comunicazione sul migliore uso della flwssibilit\u00e0 nell'ambito\u00a0del Patto di stabilit\u00e0 e crescita, e l'Italia \u00e8 il Paese che trae maggiori\u00a0vantaggi da questa flessibilit\u00e0\".<\/p>\n<p>A poche ore dalle dichiarazioni di Juncker, il vicepremier italiano, Matteo Salvini da Napoli,\u00a0replica:\u00a0\"Con buona pace di Juncker e compagni, abbiamo\u00a0intenzione di investire risorse per la sicurezza. Nessuno venga a\u00a0dire che l'Italia non pu\u00f2 investire in sicurezza - dice - Juncker e compagni\u00a0possono insultare e minacciare, noi proseguiremo su questa strada\".<\/p>\n<p>Dello stesso avviso, l'altro vicepremier,\u00a0Luigi Di Maio, che\u00a0arrivando all'assemblea del\u00a0Forum del Terzo settore, sottolinea:\u00a0\"Non sono preoccupato perch\u00e9 il Def e la\u00a0manovra ancora non sono nella disponibilit\u00e0 delle istituzioni\u00a0europee, ci diano il tempo di far vedere cosa vogliamo fare per\u00a0la crescita e poi ne discutiamo\". E aggiunge:\u00a0\"Ci sono attacchi da tutti i fronti dalle istituzioni europee\u00a0che ancora non hanno letto la manovra quindi non vedo come\u00a0possano giudicare. Una cosa \u00e8\u00a0certa: il 2,4% di deficit \u00e8\u00a0stato\u00a0tollerato in passato, resta per 3 anni e non andremo oltre, se lo\u00a0tolgano dalla testa che torniamo indietro\", sottolinea. \"Sto vedendo una aggressione preventiva all'Italia che\u00a0dimostra tutto il pregiudizio verso di noi\", conclude.<\/p>\n<p>\u201cNon vogliamo ne uscire dall'euro ne\u00a0dall'Europa, sia chiaro, ma il governo \u00e8 compatto e non arretrer\u00e0 - ribadisce Di Maio -\u00a0Siamo i primi a volerli incontrare se vogliono parlare della Manovra, stiamo anche tre giorni chiusi dentro a spiegare ma diritti e conti in ordine possono stare nella stessa Manovra\".\u00a0\"Ci saranno 3 miliardi di risparmio sull'Ires per tutte le aziende che assumono a tempo indeterminato\" ha concluso.<\/p>\n<p>Di Maio infine\u00a0- nel corso di una trasmissione radiofonica - che \"Non c'\u00e8\u00a0nessun complotto da invocare\"\". Per\u00f2, ha fatto notare, ci sono \"esponenti della Commissione europea, esponenti di partiti che sostengono questa Commissione, Merkel, Macron, Renzi che sperano che questo governo cada: \u00e8 assodato, loro ci combattono con la storia dello spread ma non devono fare colpi bassi\" come le dichiarazioni fatte ieri sperando che lo spread\u00a0si alzi.<\/p>\n<p>Il premier Giuseppe Conte, intanto cerca di placare gli animi e spiega: \"Noi\u00a0rispettiamo le nostre prerogative sovrane e rispettiamo\u00a0altres\u00ec\u00a0le istituzioni dell'Unione Europea che abbiamo\u00a0contribuito a fondare e che rimane la nostra casa comune\".\u00a0E aggiunge:\u00a0\"Ci avviamo a dialogare con le istituzioni europee con\u00a0serenit\u00e0\u00a0e rispetto dei ruoli, fiduciosi di poter\u00a0dimostrare, carte alla mano, la bont\u00e0\u00a0del lavoro sin qui\u00a0fatto\".<\/p>\n<p>Nonostante le parole di rassicurazione del premier italiano, la Presidenza austriaca dell'Ue, insiste: \"C'\u00e8\u00a0la necessit\u00e0 di chiarire da parte dell'Italia quali siano i suoi piani di bilancio, perch\u00e9 c'\u00e8 una discussione tra gli stati membri\" in quanto \"l'eurogruppo \u00e8 un unione monetaria, siamo insieme in questa famiglia e dobbiamo risolvere insieme la situazione della stabilit\u00e0\".<\/p>\n<p>\"Siamo felici della nostra buona e\u00a0costruttiva cooperazione con il governo italiano, ed intendiamo\u00a0continuare su questa strada\": lo ha detto oggi a Berlino il\u00a0portavoce del governo tedesco, Steffen Seibert. Che per\u00f2\u00a0ha\u00a0anche ribadito \"il convincimento tedesco\" che \"le regole del\u00a0patto di stabilit\u00e0\u00a0e di crescita europeo nonch\u00e9\u00a0una solida\u00a0politica dei conti pubblici siano la migliore base per uno\u00a0sviluppo di lungo termine\". L'affermazione di Seibert arriva\u00a0come risposta indiretta alle dichiarazioni del vicepremier\u00a0Luigi Di Maio secondo cui \"Merkel, Macron e Renzi sperano che\u00a0questo governo cada: \u00e8\u00a0assodato, loro ci combattono con la\u00a0storia dello spread, ma non devono fare colpi bassi\".<\/p>\n<p>Lo spread tra Btp e Bund tedeschi, dopo aver sfondato\u00a0stamani quota 300 punti, frena a met\u00e0 giornata a 293 punti base. Il rendimento\u00a0del titolo decennale, che stamani \u00e8\u00a0arrivato a superare il 3,4% (al top da\u00a0marzo 2014), si \u00e8\u00a0attestato al 3,37%.<\/p>\n<p>L'euro scivola a 1,15 dollari, inanellando la quinta seduta consecutiva in ribasso e portandosi sui minimi da fine agosto. Aveva aperto sui mercati europei a 1,1579. A pesare, secondo l'agenzia Bloomberg, le parole del presidente della Commissione bilancio della Camera, Claudio Borghi. L'agenzia riporta una dichiarazione di Borghi a Radio Anch'io: \"sono pi\u00f9 che convinto che l'Italia, con una sua moneta, sarebbe in grado di risolvere i suoi problemi\".<\/p>\n<p>Nuovo vertice economico oggi pomeriggio a palazzo\u00a0Chigi alle 17. Alla riunione prenderanno parte, oltre al presidente del\u00a0Consiglio Giuseppe Conte, i vicepremier Luigi Di Maio e Matteo Salvini, il\u00a0ministro dell'Economia Giovanni\u00a0Tria.\u00a0All'incontro potrebbe partecipare in un secondo\u00a0momento il ministro Enzo Moavero Milanesi che per\u00f2 alle 17 \u00e8 atteso in Senato\u00a0per un'informativa sugli sviluppi della situazione in Libia. La prima riunione\u00a0della cabina di regia sugli investimenti, che era convocata alle 19 a palazzo\u00a0Chigi, potrebbe slittare.<\/p>\n<p>L'Europa non\u00a0\u00e8 preparata ad\u00a0affrontare un altro forte rallentamento che metta alla prova il\u00a0sistema finanziario e sar\u00e0 pi\u00f9\u00a0esposta a una nuova eventuale\u00a0crisi nonostante dopo l'ultima recessione gli emittenti abbiano beneficiato di condizioni del credito favorevoli e le banche\u00a0abbiano rinforzato la loro solidit\u00e0 patrimoniale. Lo afferma\u00a0Moody's investors service in un rapporto pubblicato oggi. Il\u00a0rapporto\u00a0\u00e8 in questo caso un'informativa sui mercati e \"non rappresenta un'azione di rating\" specifica l'agenzia.<\/p>\n","protected":false},"excerpt":{"rendered":"<p>Bruxelles, 2 Ott 2018 &#8211; &#8220;Il primo piano di bilancio pare muoversi in una\u00a0direzione che va ben al di l\u00e0 della flessibilit\u00e0. Quello che ha&#8230;<\/p>\n","protected":false},"author":2,"featured_media":165323,"comment_status":"closed","ping_status":"closed","sticky":false,"template":"","format":"standard","meta":[],"categories":[49,51],"tags":[],"_links":{"self":[{"href":"https:\/\/www.cronacaonline.it\/index.php\/wp-json\/wp\/v2\/posts\/165322"}],"collection":[{"href":"https:\/\/www.cronacaonline.it\/index.php\/wp-json\/wp\/v2\/posts"}],"about":[{"href":"https:\/\/www.cronacaonline.it\/index.php\/wp-json\/wp\/v2\/types\/post"}],"author":[{"embeddable":true,"href":"https:\/\/www.cronacaonline.it\/index.php\/wp-json\/wp\/v2\/users\/2"}],"replies":[{"embeddable":true,"href":"https:\/\/www.cronacaonline.it\/index.php\/wp-json\/wp\/v2\/comments?post=165322"}],"version-history":[{"count":0,"href":"https:\/\/www.cronacaonline.it\/index.php\/wp-json\/wp\/v2\/posts\/165322\/revisions"}],"wp:featuredmedia":[{"embeddable":true,"href":"https:\/\/www.cronacaonline.it\/index.php\/wp-json\/wp\/v2\/media\/165323"}],"wp:attachment":[{"href":"https:\/\/www.cronacaonline.it\/index.php\/wp-json\/wp\/v2\/media?parent=165322"}],"wp:term":[{"taxonomy":"category","embeddable":true,"href":"https:\/\/www.cronacaonline.it\/index.php\/wp-json\/wp\/v2\/categories?post=165322"},{"taxonomy":"post_tag","embeddable":true,"href":"https:\/\/www.cronacaonline.it\/index.php\/wp-json\/wp\/v2\/tags?post=165322"}],"curies":[{"name":"wp","href":"https:\/\/api.w.org\/{rel}","templated":true}]}}