{"id":165273,"date":"2018-10-01T13:49:04","date_gmt":"2018-10-01T11:49:04","guid":{"rendered":"http:\/\/www.cronacaonline.it\/public\/content\/?p=165273"},"modified":"2018-10-01T13:49:04","modified_gmt":"2018-10-01T11:49:04","slug":"giovane-di-22-anni-pluripregiudicato-di-cagliari-arrestato-dagli-agenti-di-una-volante-per-furto-aggravato-e-continuato-in-abitazione","status":"publish","type":"post","link":"https:\/\/www.cronacaonline.it\/index.php\/2018\/10\/01\/giovane-di-22-anni-pluripregiudicato-di-cagliari-arrestato-dagli-agenti-di-una-volante-per-furto-aggravato-e-continuato-in-abitazione\/","title":{"rendered":"Giovane di 22 anni pluripregiudicato di Cagliari arrestato dagli agenti di una Volante per furto aggravato e continuato in abitazione"},"content":{"rendered":"<p>Cagliari, 1 Ott 2018 - Ieri sera gli Agenti della Squadra Volanti della Questura di Cagliari, hanno arrestato Franco Sanna 22 anni, cagliaritano pluripregiudicato, per il reato di tentato furto aggravato e continuato in abitazione.<\/p>\n<p>Dopo la chiamata giunta al 113 il Centro Operativo ha inviato un equipaggio di una Volante in Via Botticcelli, dove alcuni residenti avevano fermato un giovane sorpreso all\u2019interno di un\u2019abitazione.<\/p>\n<p>I poliziotti, giunto immediatamente sul posto, ha subito riconosciuto il ragazzo in quanto gi\u00e0 fermato e denunciato pi\u00f9 volte per reati della stessa natura compiuti nei giorni scorsi, l\u2019ultimo dei quali proprio sabato 29. Ed in seguito, dagli accertamenti effettuati \u00e8 emerso che Sanna, poco prima, utilizzando una scala da cantiere posta nel cortile condominiale, aveva tentato di accedere al primo piano di un appartamento ma, accortosi della presenza di persone in casa, aveva desistito riscendendo velocemente per poi risalire e tentare nell\u2019appartamento accanto.<\/p>\n<p>Il giovane, mentre entrava nel secondo appartamento, \u00e8 stato sorpreso dal proprietario che, accortosi del giovane, ha urlato facendolo cos\u00ec desistere dal suo intento. Il ladro, infatti, ha scavalcato nuovamente il balcone tentando di dileguarsi ma \u00e8 stato bloccato dai condomini che nel frattempo erano intervenuti allarmati dalle urla, e poi messo in condizioni di non nuocere definitivamente dagli agenti intervenuti e poi lo hanno dichiarato in arresto.<\/p>\n<p>Al termine del processo con rito per direttissima \u00e8 stato accompagnato presso la Casa Circondariale di Uta. Termini a difesa.<\/p>\n","protected":false},"excerpt":{"rendered":"<p>Cagliari, 1 Ott 2018 &#8211; Ieri sera gli Agenti della Squadra Volanti della Questura di Cagliari, hanno arrestato Franco Sanna 22 anni, cagliaritano pluripregiudicato, per&#8230;<\/p>\n","protected":false},"author":2,"featured_media":164007,"comment_status":"closed","ping_status":"closed","sticky":false,"template":"","format":"standard","meta":[],"categories":[49,51,55],"tags":[],"_links":{"self":[{"href":"https:\/\/www.cronacaonline.it\/index.php\/wp-json\/wp\/v2\/posts\/165273"}],"collection":[{"href":"https:\/\/www.cronacaonline.it\/index.php\/wp-json\/wp\/v2\/posts"}],"about":[{"href":"https:\/\/www.cronacaonline.it\/index.php\/wp-json\/wp\/v2\/types\/post"}],"author":[{"embeddable":true,"href":"https:\/\/www.cronacaonline.it\/index.php\/wp-json\/wp\/v2\/users\/2"}],"replies":[{"embeddable":true,"href":"https:\/\/www.cronacaonline.it\/index.php\/wp-json\/wp\/v2\/comments?post=165273"}],"version-history":[{"count":0,"href":"https:\/\/www.cronacaonline.it\/index.php\/wp-json\/wp\/v2\/posts\/165273\/revisions"}],"wp:featuredmedia":[{"embeddable":true,"href":"https:\/\/www.cronacaonline.it\/index.php\/wp-json\/wp\/v2\/media\/164007"}],"wp:attachment":[{"href":"https:\/\/www.cronacaonline.it\/index.php\/wp-json\/wp\/v2\/media?parent=165273"}],"wp:term":[{"taxonomy":"category","embeddable":true,"href":"https:\/\/www.cronacaonline.it\/index.php\/wp-json\/wp\/v2\/categories?post=165273"},{"taxonomy":"post_tag","embeddable":true,"href":"https:\/\/www.cronacaonline.it\/index.php\/wp-json\/wp\/v2\/tags?post=165273"}],"curies":[{"name":"wp","href":"https:\/\/api.w.org\/{rel}","templated":true}]}}