{"id":165271,"date":"2018-10-01T13:06:50","date_gmt":"2018-10-01T11:06:50","guid":{"rendered":"http:\/\/www.cronacaonline.it\/public\/content\/?p=165271"},"modified":"2018-10-01T13:06:50","modified_gmt":"2018-10-01T11:06:50","slug":"istat-tasso-di-disoccupazione-ad-agosto-scende-al-97-ma-i-contratti-a-termine-registrano-un-nuovo-record","status":"publish","type":"post","link":"https:\/\/www.cronacaonline.it\/index.php\/2018\/10\/01\/istat-tasso-di-disoccupazione-ad-agosto-scende-al-97-ma-i-contratti-a-termine-registrano-un-nuovo-record\/","title":{"rendered":"Istat, tasso di disoccupazione ad agosto scende al 9,7% ma i contratti a termine registrano un nuovo record."},"content":{"rendered":"<p>Roma, 1 Ott 2018 - Il tasso di disoccupazione ad agosto \u00e8 sceso sotto il 10% al 9,7% ai minimi da gennaio 2012 con un calo di 0,4 punti percentuali su luglio e 1,6 punti su agosto 2017. Lo rileva l'Istat spiegando che i disoccupati sono diminuiti sul mese di 119.000 unit\u00e0 a 2.522.000 mentre sono calati di 438.000 unit\u00e0 su agosto 2017. Il dato \u00e8 legato alla crescita congiunturale degli occupati (+69.000 su luglio) ma anche all'aumento degli inattivi\u00a0tra i 15 e i 64 anni (+46.000).<\/p>\n<p>Ad agosto (contratti a termine per la stagione estiva) si registra una ripresa dell'occupazione con una crescita di 69.000 occupati su luglio e di 312.000 occupati su agosto 2017. Il tasso di occupazione si attesta sul 59%, al record storico dall'inizio delle serie (1977). Gli occupati nel mese erano 23.369.000. L'occupazione \u00e8 cresciuta sul mese soprattutto nel lavoro dipendente (+95-000) mentre il lavoro indipendente ha perso 26.000 unit\u00e0. L'occupazione dipendente permanente \u00e8 aumentata di 50.000 unit\u00e0 mentre quella a termine ha registrato 45.000 unit\u00e0 in pi\u00f9.<\/p>\n<p>Il tasso di disoccupazione dei giovani tra i 15 e i 24 anni ad agosto sale di 0,2 punti al 31% rispetto a luglio mentre cala di 3,5 punti rispetto ad agosto 2017. Il tasso di occupazione dei giovani diminuisce al 17,4%. Tra gli anziani (50-64 anni) il tasso di occupazione sale ancora, al 60,8% mentre il tasso di disoccupazione si riduce di 0,6 punti sul mese e di 1,3 punti su agosto 2017 al 5,5%.<\/p>\n<p>Nuovo record per il lavoro a termine ad agosto: nel mese - rileva l'istat - gli occupati a tempo determinato erano 3.143.000 con una crescita di 45.000 unit\u00e0 (+1,5%) su luglio e di 351.000 unit\u00e0 (+12,6%) su agosto 2017. \u00c8 record dall'inizio delle serie storiche (dal 1992). Per il lavoro dipendente \"permanente\" si \u00e8 registrata una crescita di 50.000 unit\u00e0 su luglio e un calo di 49.000 unit\u00e0 su agosto 2017.<\/p>\n","protected":false},"excerpt":{"rendered":"<p>Roma, 1 Ott 2018 &#8211; Il tasso di disoccupazione ad agosto \u00e8 sceso sotto il 10% al 9,7% ai minimi da gennaio 2012 con un&#8230;<\/p>\n","protected":false},"author":2,"featured_media":115338,"comment_status":"closed","ping_status":"closed","sticky":false,"template":"","format":"standard","meta":[],"categories":[49,51],"tags":[],"_links":{"self":[{"href":"https:\/\/www.cronacaonline.it\/index.php\/wp-json\/wp\/v2\/posts\/165271"}],"collection":[{"href":"https:\/\/www.cronacaonline.it\/index.php\/wp-json\/wp\/v2\/posts"}],"about":[{"href":"https:\/\/www.cronacaonline.it\/index.php\/wp-json\/wp\/v2\/types\/post"}],"author":[{"embeddable":true,"href":"https:\/\/www.cronacaonline.it\/index.php\/wp-json\/wp\/v2\/users\/2"}],"replies":[{"embeddable":true,"href":"https:\/\/www.cronacaonline.it\/index.php\/wp-json\/wp\/v2\/comments?post=165271"}],"version-history":[{"count":0,"href":"https:\/\/www.cronacaonline.it\/index.php\/wp-json\/wp\/v2\/posts\/165271\/revisions"}],"wp:featuredmedia":[{"embeddable":true,"href":"https:\/\/www.cronacaonline.it\/index.php\/wp-json\/"}],"wp:attachment":[{"href":"https:\/\/www.cronacaonline.it\/index.php\/wp-json\/wp\/v2\/media?parent=165271"}],"wp:term":[{"taxonomy":"category","embeddable":true,"href":"https:\/\/www.cronacaonline.it\/index.php\/wp-json\/wp\/v2\/categories?post=165271"},{"taxonomy":"post_tag","embeddable":true,"href":"https:\/\/www.cronacaonline.it\/index.php\/wp-json\/wp\/v2\/tags?post=165271"}],"curies":[{"name":"wp","href":"https:\/\/api.w.org\/{rel}","templated":true}]}}