{"id":165223,"date":"2018-09-29T13:33:33","date_gmt":"2018-09-29T11:33:33","guid":{"rendered":"http:\/\/www.cronacaonline.it\/public\/content\/?p=165223"},"modified":"2018-09-29T13:33:33","modified_gmt":"2018-09-29T11:33:33","slug":"attivita-degli-agenti-della-squadra-volanti-di-cagliari-un-33enne-arrestato-per-detenzione-e-spaccio-di-stupefacenti-e-un-22enne-denunciato-due-volte-nello-stesso-pomeriggio-per-furto","status":"publish","type":"post","link":"https:\/\/www.cronacaonline.it\/index.php\/2018\/09\/29\/attivita-degli-agenti-della-squadra-volanti-di-cagliari-un-33enne-arrestato-per-detenzione-e-spaccio-di-stupefacenti-e-un-22enne-denunciato-due-volte-nello-stesso-pomeriggio-per-furto\/","title":{"rendered":"Attivit\u00e0 degli agenti della Squadra Volanti di Cagliari: un 33enne arrestato per detenzione e spaccio di stupefacenti e un 22enne denunciato due volte nello stesso pomeriggio per furto"},"content":{"rendered":"<p>Cagliari, 29 Sett 2018 - Gli Agenti della Squadra Volanti della Questura di Cagliari hanno denunciato in stato di libert\u00e0 Marco Zoccheddu 44enne di Cagliari, con precedenti penali, per detenzione ai fini di spaccio di sostanze stupefacenti.<\/p>\n<p>Intorno alle 2 di questa notte un equipaggio di una Volante impegnata nell\u2019attivit\u00e0 di controllo dei soggetti sottoposti alla misura di detenzione domiciliare, si sono recati presso l\u2019abitazione del pregiudicato e durante l\u2019espletamento delle formalit\u00e0, i poliziotti hanno notato a fianco del cestino della spazzatura situato nella cucina un involucro di plastica trasparente simile a quello utilizzato per il confezionamento per la vendita della sostanza stupefacente.<\/p>\n<p>Il personale della Polizia di Stato in servizio ha eseguito un controllo pi\u00f9 accurato all\u2019interno del contenitore dove hanno rinvenuto un pacchetto di sigarette con all\u2019interno 10 involucri di plastica contenenti una sostanza polverosa bianca di circa 2,5 grammi risultati poi essere cocaina.<\/p>\n<p>Quindi Zoccheddu \u00e8 stato accompagnato negli uffici della Questura per le formalit\u00e0 di rito e mentre gli agenti erano intenti a redigere gli atti, l\u2019uomo ha avuto un malore. Ma grazie al tempestivo intervento degli stessi poliziotti e quello del personale medico del 118, \u00e8 stato trasportato presso il Policlinico Universitario ed \u00e8 stato curato per un infarto.<\/p>\n<p>Nella giornata di ieri sempre gli Agenti della Squadra Volanti, in due distinti interventi, hanno indagato in stato di libert\u00e0 Franco Sanna 22enne cagliaritano, pluripregiudicato, per ricettazione e furto.<\/p>\n<p>Il ragazzo, noto come il \u201cladro gentiluomo\u201d, nottetempo si era introdotto nella casa di un giovane in Via Laghi Masuri asportando un pc portatile che nelle prime ore del mattino cercava di rivendere ad un cittadino straniero nella centralissima Via Roma. Un equipaggio di una Volante, mentre era in transito nella Via Roma ha visto e riconosciuto il Sanna notando anche una vivace discussione tra i due per la compravendita del portatile. Entrambi sono stati fermati, identificati e quando gli Agenti hanno chiesto spiegazioni circa il possesso del computer, il Sanna ha riferito quanto aveva fatto nelle prime ore del mattino rivolgendo agli operatori una richiesta, ovvero, poter essere accompagnato nel luogo del furto per restituire al legittimo proprietario quanto preso. La richiesta \u00e8 stata accolta e dopo aver contattato il proprietario che ha presentato formale denuncia, \u00e8 rientrato in possesso del pc. Quindi il giovane \u00e8 stato deferito all\u2019A.G. per ricettazione.<\/p>\n<p>Nel primo pomeriggio di ieri i poliziotti hanno effettuato un intervento presso un supermercato di Via Sonnino perch\u00e9 la responsabile aveva subito il furto di un cellulare e del portafoglio. Gli Agenti raggiunto il punto vendita, hanno preso visione delle immagini del sistema di videosorveglianza ed hanno riconosciuto il soggetto per Franco Sanna, visto poco prima lasciare gli Uffici della Questura vestito ancora gli stessi abiti. Diramata a tutti gli equipaggi la ricerca del noto personaggio, una pattuglia si \u00e8 recata presso il comune di Selargius in un luogo da lui frequentato dove \u00e8 stato rintracciato. Visti gli uomini in divisa, come gi\u00e0 avvenuto precedentemente, Sanna ha riferito di aver sottratto il cellulare e di averlo venduto ad un cittadino straniero in Piazza del Carmine mentre il portafoglio era sta buttato in un cassonetto in Via Lanusei. Insieme a \u201cladro gentiluomo\u201d i poliziotti hanno recuperato il portafoglio che \u00e8 stato restituito alla proprietaria.<\/p>\n<p>Infine, il 22enne \u00e8 stato nuovamente denunciato in stato di libert\u00e0 per furto.<\/p>\n","protected":false},"excerpt":{"rendered":"<p>Cagliari, 29 Sett 2018 &#8211; Gli Agenti della Squadra Volanti della Questura di Cagliari hanno denunciato in stato di libert\u00e0 Marco Zoccheddu 44enne di Cagliari,&#8230;<\/p>\n","protected":false},"author":2,"featured_media":164003,"comment_status":"closed","ping_status":"closed","sticky":false,"template":"","format":"standard","meta":[],"categories":[49,51,55],"tags":[],"_links":{"self":[{"href":"https:\/\/www.cronacaonline.it\/index.php\/wp-json\/wp\/v2\/posts\/165223"}],"collection":[{"href":"https:\/\/www.cronacaonline.it\/index.php\/wp-json\/wp\/v2\/posts"}],"about":[{"href":"https:\/\/www.cronacaonline.it\/index.php\/wp-json\/wp\/v2\/types\/post"}],"author":[{"embeddable":true,"href":"https:\/\/www.cronacaonline.it\/index.php\/wp-json\/wp\/v2\/users\/2"}],"replies":[{"embeddable":true,"href":"https:\/\/www.cronacaonline.it\/index.php\/wp-json\/wp\/v2\/comments?post=165223"}],"version-history":[{"count":0,"href":"https:\/\/www.cronacaonline.it\/index.php\/wp-json\/wp\/v2\/posts\/165223\/revisions"}],"wp:featuredmedia":[{"embeddable":true,"href":"https:\/\/www.cronacaonline.it\/index.php\/wp-json\/wp\/v2\/media\/164003"}],"wp:attachment":[{"href":"https:\/\/www.cronacaonline.it\/index.php\/wp-json\/wp\/v2\/media?parent=165223"}],"wp:term":[{"taxonomy":"category","embeddable":true,"href":"https:\/\/www.cronacaonline.it\/index.php\/wp-json\/wp\/v2\/categories?post=165223"},{"taxonomy":"post_tag","embeddable":true,"href":"https:\/\/www.cronacaonline.it\/index.php\/wp-json\/wp\/v2\/tags?post=165223"}],"curies":[{"name":"wp","href":"https:\/\/api.w.org\/{rel}","templated":true}]}}