{"id":165167,"date":"2018-09-28T10:41:32","date_gmt":"2018-09-28T08:41:32","guid":{"rendered":"http:\/\/www.cronacaonline.it\/public\/content\/?p=165167"},"modified":"2018-09-28T10:41:32","modified_gmt":"2018-09-28T08:41:32","slug":"due-fratelli-di-senorbi-denunciati-dai-carabinieri-della-stazione-del-paese-per-furto-di-energia-elettrica","status":"publish","type":"post","link":"https:\/\/www.cronacaonline.it\/index.php\/2018\/09\/28\/due-fratelli-di-senorbi-denunciati-dai-carabinieri-della-stazione-del-paese-per-furto-di-energia-elettrica\/","title":{"rendered":"Due fratelli di Senorb\u00ec denunciati dai carabinieri della Stazione del paese per furto di energia elettrica."},"content":{"rendered":"<p>Senorb\u00ec (Su), 28 Sett 2018 - I carabinieri della Stazione di Senorb\u00ec hanno denunciato in stato di libert\u00e0 due fratelli P. R. e P. M., di 48 e 47 anni, entrambi del posto per furto di energia elettrica.<\/p>\n<p>A seguito di controlli eseguiti con personale di \u201ce-distribuzione\" si verificava l\u2019allaccio abusivo e la conseguente sottrazione di energia elettrica di un\u2019intera palazzina di propriet\u00e0 di una societ\u00e0 riconducibile al primo fratello e del B&amp;B contiguo di propriet\u00e0 del secondo fratello.<\/p>\n<p>Il personale tecnico dopo aver eliminato gli allacci abusivi \u00e8 adesso all\u2019opera per quantificare il danno subito.<\/p>\n","protected":false},"excerpt":{"rendered":"<p>Senorb\u00ec (Su), 28 Sett 2018 &#8211; I carabinieri della Stazione di Senorb\u00ec hanno denunciato in stato di libert\u00e0 due fratelli P. R. e P. M.,&#8230;<\/p>\n","protected":false},"author":2,"featured_media":165168,"comment_status":"closed","ping_status":"closed","sticky":false,"template":"","format":"standard","meta":[],"categories":[49,51,55],"tags":[],"_links":{"self":[{"href":"https:\/\/www.cronacaonline.it\/index.php\/wp-json\/wp\/v2\/posts\/165167"}],"collection":[{"href":"https:\/\/www.cronacaonline.it\/index.php\/wp-json\/wp\/v2\/posts"}],"about":[{"href":"https:\/\/www.cronacaonline.it\/index.php\/wp-json\/wp\/v2\/types\/post"}],"author":[{"embeddable":true,"href":"https:\/\/www.cronacaonline.it\/index.php\/wp-json\/wp\/v2\/users\/2"}],"replies":[{"embeddable":true,"href":"https:\/\/www.cronacaonline.it\/index.php\/wp-json\/wp\/v2\/comments?post=165167"}],"version-history":[{"count":0,"href":"https:\/\/www.cronacaonline.it\/index.php\/wp-json\/wp\/v2\/posts\/165167\/revisions"}],"wp:featuredmedia":[{"embeddable":true,"href":"https:\/\/www.cronacaonline.it\/index.php\/wp-json\/wp\/v2\/media\/165168"}],"wp:attachment":[{"href":"https:\/\/www.cronacaonline.it\/index.php\/wp-json\/wp\/v2\/media?parent=165167"}],"wp:term":[{"taxonomy":"category","embeddable":true,"href":"https:\/\/www.cronacaonline.it\/index.php\/wp-json\/wp\/v2\/categories?post=165167"},{"taxonomy":"post_tag","embeddable":true,"href":"https:\/\/www.cronacaonline.it\/index.php\/wp-json\/wp\/v2\/tags?post=165167"}],"curies":[{"name":"wp","href":"https:\/\/api.w.org\/{rel}","templated":true}]}}