{"id":165001,"date":"2018-09-25T10:21:34","date_gmt":"2018-09-25T08:21:34","guid":{"rendered":"http:\/\/www.cronacaonline.it\/public\/content\/?p=165001"},"modified":"2018-09-25T10:21:34","modified_gmt":"2018-09-25T08:21:34","slug":"il-barbiere-di-siviglia-immortale-capolavoro-di-gioachino-rossini-ritorna-nellallestimento-scenico-minimal-chic-di-denis-krief","status":"publish","type":"post","link":"https:\/\/www.cronacaonline.it\/index.php\/2018\/09\/25\/il-barbiere-di-siviglia-immortale-capolavoro-di-gioachino-rossini-ritorna-nellallestimento-scenico-minimal-chic-di-denis-krief\/","title":{"rendered":"Il Barbiere di Siviglia, immortale capolavoro di Gioachino Rossini, ritorna nell\u2019allestimento scenico minimal-chic di Denis Krief"},"content":{"rendered":"<p>Cagliari, 25 Sett 2018 - Venerd\u00ec 28 settembre alle 20.30 (turno A) va in scena, dopo la pausa estiva, il quinto, attesissimo appuntamento della Stagione lirica e di balletto 2018 del Teatro Lirico di Cagliari che prosegue con uno dei capolavori buffi pi\u00f9 popolari ed amati: Il Barbiere di Siviglia, melodramma buffo in due atti, su libretto di Cesare Sterbini, dalla commedia Le Barbier de S\u00e9ville ou la Pr\u00e9caution inutile di Pierre-Augustin Caron de Beaumarchais, e musica di Gioachino Rossini (Pesaro, 1792 - Passy, 1868) che ritorna al Teatro Lirico dopo 12 anni (l\u2019ultima edizione \u00e8 del 2006), in occasione dell\u2019anniversario per i 150 anni dalla scomparsa del compositore.<\/p>\n<p>Viene proposto nuovamente l\u2019elegante ed originale allestimento del Teatro Lirico di Cagliari dell\u2019agosto 2001, firmato per regia, scene, costumi e luci da Denis Krief che intende Il Barbiere di Siviglia come una commedia sofisticata, ambientata in un loft minimalista-chic, in epoca attuale, dal momento che egli considera la funzione della commedia proprio quella di essere interpretata nel mondo e nell\u2019epoca in cui viene rappresentata. Come negli altri suoi allestimenti, Denis Krief tende alla semplicit\u00e0 e alla stilizzazione delle forme, a \u201crendere essenziale l\u2019emozione, non distrarre\u201d (Sandro Cappelletto, Opera, quanta roba \u00e8 da buttare, in \u201cLa Stampa\u201d, 9 agosto 2001).<\/p>\n<p>La direzione musicale \u00e8 affidata a G\u00e9rard Korsten che ritorna sul podio cagliaritano, dopo La Traviata e Un ballo in maschera delle ultime due estati, per dirigere l\u2019Orchestra e il Coro del Teatro Lirico di Cagliari. Il maestro del coro \u00e8 Donato Sivo.<\/p>\n<p>Interprete del capolavoro rossiniano \u00e8 un cast d\u2019eccezione: Giorgio Misseri (28-30-3-5-7)\/Vassilis Kavayas (29-2-6) (Il Conte d\u2019Almaviva), Vincenzo Taormina (28-30-3-5-7)\/Francesco Verna (29-2-6) (Don Bartolo), Aya Wakizono (28-30-3-5-7)\/Na\u2019ama Goldman (29-2-6) (Rosina), Christian Senn (28-30-3-5-7)\/Daniele Terenzi (29-2-6) (Figaro), Luciano Leoni (28-30-3-5-7)\/Alessandro Abis (29-2-6) (Don Basilio), Lara Rotili (Berta), Nicola Ebau (Fiorello), Michelangelo Romero (Un ufficiale).<\/p>\n<p>Le vicende storiche del Barbiere di Siviglia, rappresentato per la prima volta a Roma, al Teatro Argentina, il 20 febbraio 1816, possono considerarsi leggendarie. Sia il libretto che la musica furono stesi con estrema rapidit\u00e0 per mantenere fede all\u2019impegno che il ventitreenne Rossini prese nell\u2019autunno del 1815 con quel teatro. Quando Rossini firm\u00f2 il contratto non era stato scelto nemmeno il soggetto dell\u2019opera: il poco tempo a disposizione fu forse una delle ragioni per cui fu scelta la commedia di Beaumarchais, un soggetto collaudato e amato dal pubblico. L\u2019opera di Beaumarchais, infatti, era gi\u00e0 stata messa in musica altre sei volte, ma nessuna versione aveva raggiunto la popolarit\u00e0 di quella di Giovanni Paisiello, creata nel 1782 per il Teatro di Corte di San Pietroburgo. Per non urtarne gli ammiratori, Rossini mand\u00f2 in scena la sua opera con il titolo Almaviva o L\u2019inutile precauzione. Gli ingredienti sono quelli ben noti delle opere buffe italiane: Figaro, un barbiere che sa usare ugualmente bene chitarra e rasoio, filosofo e giullare; Bartolo, vecchio geloso che vuole impalmare la sua pupilla, la graziosa Rosina; un conte che ama la fanciulla e intende sottrarla alle grinfie del vecchio; un maestro di musica avido e specialista in calunnie... e intorno servi chiassosi e invadenti.<\/p>\n<p>L\u2019opera, della durata complessiva di 2 ore e 50 minuti circa compreso un intervallo, viene rappresentata, ovviamente, in lingua italiana e il pubblico, come ormai tradizione al Teatro Lirico di Cagliari, ha anche l\u2019ausilio dei sopratitoli che, scorrendo sull\u2019arco scenico del boccascena, favoriscono la comprensione del libretto.<\/p>\n<p>Il Barbiere di Siviglia, la cui ultima rappresentazione a Cagliari risale al febbraio\/marzo 2006, viene replicato: sabato 29 settembre alle 19 (turno G); domenica 30 settembre alle 17 (turno D); marted\u00ec 2 ottobre alle 20.30 (turno F); mercoled\u00ec 3 ottobre alle 20.30 (turno B); venerd\u00ec 5 ottobre alle 20.30 (turno C); sabato 6 ottobre alle 17 (turno I); domenica 7 ottobre alle 17 (turno E). Le recite per le scuole, edizione \u201cridotta\u201d dell\u2019opera della durata complessiva di 60 minuti circa, sono: marted\u00ec 2 ottobre alle 11, gioved\u00ec 4 ottobre alle 17 (speciale famiglie e associazioni) e venerd\u00ec 5 ottobre alle 11.<\/p>\n<p>La Stagione lirica e di balletto 2018 prevede gli ormai consueti otto turni di abbonamento (A, B, C, D, E, F, G, I), ai quali \u00e8 ancora possibile abbonarsi, sebbene, ovviamente, ad un numero ridotto di spettacoli.<\/p>\n<p>Da sottolineare, inoltre, la possibilit\u00e0 di acquistare da venerd\u00ec 23 febbraio 2018 i biglietti per tutti gli spettacoli della Stagione lirica e di balletto; lo stesso servizio \u00e8 possibile anche online attraverso il circuito di prevendita www.vivaticket.it.<\/p>\n<p>Prezzi biglietti: platea da \u20ac 75,00 a \u20ac 50,00 (settore giallo), da \u20ac 60,00 a \u20ac 40,00 (settore rosso), da \u20ac 50,00 a \u20ac 30,00 (settore blu); I loggia da \u20ac 55,00 a \u20ac 40,00 (settore giallo), da \u20ac 45,00 a \u20ac 30,00 (settore rosso), da \u20ac 40,00 a \u20ac 25,00 (settore blu); II loggia da \u20ac 35,00 a \u20ac 25,00 (settore giallo), da \u20ac 25,00 a \u20ac 20,00 (settore rosso), da \u20ac 20,00 a \u20ac 15,00 (settore blu).<\/p>\n<p>Ai giovani under 30 sono applicate riduzioni del 50% sull\u2019acquisto di abbonamenti e biglietti. Ulteriori agevolazioni sono previste per gruppi organizzati.<\/p>\n<p>La Biglietteria del Teatro Lirico \u00e8 aperta dal luned\u00ec al venerd\u00ec dalle 9 alle 13 e dalle 16 alle 20, il sabato dalle 9 alle 13 e nell\u2019ora precedente l\u2019inizio dello spettacolo. I giorni festivi solo nell\u2019ora precedente l\u2019inizio dello spettacolo. Com<\/p>\n","protected":false},"excerpt":{"rendered":"<p>Cagliari, 25 Sett 2018 &#8211; Venerd\u00ec 28 settembre alle 20.30 (turno A) va in scena, dopo la pausa estiva, il quinto, attesissimo appuntamento della Stagione&#8230;<\/p>\n","protected":false},"author":2,"featured_media":152420,"comment_status":"closed","ping_status":"closed","sticky":false,"template":"","format":"standard","meta":[],"categories":[51],"tags":[],"_links":{"self":[{"href":"https:\/\/www.cronacaonline.it\/index.php\/wp-json\/wp\/v2\/posts\/165001"}],"collection":[{"href":"https:\/\/www.cronacaonline.it\/index.php\/wp-json\/wp\/v2\/posts"}],"about":[{"href":"https:\/\/www.cronacaonline.it\/index.php\/wp-json\/wp\/v2\/types\/post"}],"author":[{"embeddable":true,"href":"https:\/\/www.cronacaonline.it\/index.php\/wp-json\/wp\/v2\/users\/2"}],"replies":[{"embeddable":true,"href":"https:\/\/www.cronacaonline.it\/index.php\/wp-json\/wp\/v2\/comments?post=165001"}],"version-history":[{"count":0,"href":"https:\/\/www.cronacaonline.it\/index.php\/wp-json\/wp\/v2\/posts\/165001\/revisions"}],"wp:featuredmedia":[{"embeddable":true,"href":"https:\/\/www.cronacaonline.it\/index.php\/wp-json\/wp\/v2\/media\/152420"}],"wp:attachment":[{"href":"https:\/\/www.cronacaonline.it\/index.php\/wp-json\/wp\/v2\/media?parent=165001"}],"wp:term":[{"taxonomy":"category","embeddable":true,"href":"https:\/\/www.cronacaonline.it\/index.php\/wp-json\/wp\/v2\/categories?post=165001"},{"taxonomy":"post_tag","embeddable":true,"href":"https:\/\/www.cronacaonline.it\/index.php\/wp-json\/wp\/v2\/tags?post=165001"}],"curies":[{"name":"wp","href":"https:\/\/api.w.org\/{rel}","templated":true}]}}