{"id":164924,"date":"2018-09-23T09:23:30","date_gmt":"2018-09-23T07:23:30","guid":{"rendered":"http:\/\/www.cronacaonline.it\/public\/content\/?p=164924"},"modified":"2018-09-23T09:23:30","modified_gmt":"2018-09-23T07:23:30","slug":"riuscito-il-trapianto-di-faccia-su-donna-a-roma-27-ore-di-intervento-ora-in-coma-farmacologico","status":"publish","type":"post","link":"https:\/\/www.cronacaonline.it\/index.php\/2018\/09\/23\/riuscito-il-trapianto-di-faccia-su-donna-a-roma-27-ore-di-intervento-ora-in-coma-farmacologico\/","title":{"rendered":"Riuscito il trapianto di faccia su donna a Roma 27 ore di intervento, ora in coma farmacologico."},"content":{"rendered":"<p>Roma, 23 Sett 2018 - \u00c8 terminato alle ore 5 di questa mattina l'intervento di trapianto della faccia effettuato su una donna presso l'Azienda ospedaliero-universitaria Sant'Andrea ed \u00e8 tecnicamente riuscito.<\/p>\n<p>L'\u00e9quipe, composta da chirurghi e anestesisti, con infermieri strumentisti che si sono alternati in sala, ha operato complessivamente per 27 ore. Sottoposta a terapia immunosoppressiva antirigetto, la paziente \u00e8 attualmente in coma farmacologico indotto e rimarr\u00e0 in isolamento nella Terapia Intesiva. La prognosi \u00e8 riservata.<\/p>\n","protected":false},"excerpt":{"rendered":"<p>Roma, 23 Sett 2018 &#8211; \u00c8 terminato alle ore 5 di questa mattina l&#8217;intervento di trapianto della faccia effettuato su una donna presso l&#8217;Azienda ospedaliero-universitaria&#8230;<\/p>\n","protected":false},"author":2,"featured_media":164927,"comment_status":"closed","ping_status":"closed","sticky":false,"template":"","format":"standard","meta":[],"categories":[49,51],"tags":[],"_links":{"self":[{"href":"https:\/\/www.cronacaonline.it\/index.php\/wp-json\/wp\/v2\/posts\/164924"}],"collection":[{"href":"https:\/\/www.cronacaonline.it\/index.php\/wp-json\/wp\/v2\/posts"}],"about":[{"href":"https:\/\/www.cronacaonline.it\/index.php\/wp-json\/wp\/v2\/types\/post"}],"author":[{"embeddable":true,"href":"https:\/\/www.cronacaonline.it\/index.php\/wp-json\/wp\/v2\/users\/2"}],"replies":[{"embeddable":true,"href":"https:\/\/www.cronacaonline.it\/index.php\/wp-json\/wp\/v2\/comments?post=164924"}],"version-history":[{"count":0,"href":"https:\/\/www.cronacaonline.it\/index.php\/wp-json\/wp\/v2\/posts\/164924\/revisions"}],"wp:featuredmedia":[{"embeddable":true,"href":"https:\/\/www.cronacaonline.it\/index.php\/wp-json\/wp\/v2\/media\/164927"}],"wp:attachment":[{"href":"https:\/\/www.cronacaonline.it\/index.php\/wp-json\/wp\/v2\/media?parent=164924"}],"wp:term":[{"taxonomy":"category","embeddable":true,"href":"https:\/\/www.cronacaonline.it\/index.php\/wp-json\/wp\/v2\/categories?post=164924"},{"taxonomy":"post_tag","embeddable":true,"href":"https:\/\/www.cronacaonline.it\/index.php\/wp-json\/wp\/v2\/tags?post=164924"}],"curies":[{"name":"wp","href":"https:\/\/api.w.org\/{rel}","templated":true}]}}