{"id":164654,"date":"2018-09-17T11:17:52","date_gmt":"2018-09-17T09:17:52","guid":{"rendered":"http:\/\/www.cronacaonline.it\/public\/content\/?p=164654"},"modified":"2018-09-17T11:17:52","modified_gmt":"2018-09-17T09:17:52","slug":"sanita-grillo-nostro-sistema-e-modello-allo-studio-riduzione-ticket-e-liste-di-attesa","status":"publish","type":"post","link":"https:\/\/www.cronacaonline.it\/index.php\/2018\/09\/17\/sanita-grillo-nostro-sistema-e-modello-allo-studio-riduzione-ticket-e-liste-di-attesa\/","title":{"rendered":"Sanit\u00e0, Grillo: nostro sistema \u00e8 modello, allo studio riduzione ticket e liste di attesa"},"content":{"rendered":"<p>Roma, 17 Sett 2018 - La sanit\u00e0 italiana vuole restare \"di eccellenza e universalistica\", malgrado \"per anni si \u00e8 proceduto, a causa della crisi, a politiche di tagli severi, in molti casi solo lineari. \u00c8 facile tagliare ma \u00e8 pi\u00f9 difficile operare in modo mirato ed oggi la sanit\u00e0 in Italia si trova a vivere in una situazione con troppe disuguaglianze e con luci ed ombre\".<\/p>\n<p>Lo ha detto la ministra della Sanit\u00e0, Giulia Grillo, intervenendo stamane a Roma al summit dell'Organizzazione mondiale della Sanit\u00e0 Europa che si riunisce per tre giorni nella capitale italiana. La ministra Grillo ha parlato, comunque, del sistema italiano come di un \"modello universalistico e di eccellenza che resta un esempio anche in Europa. \u00c8 nostra responsabilit\u00e0 - ha poi aggiunto - che resti tale assicurando ai cittadini le prestazioni a prescindere dal reddito e dalla collocazione geografica. Ribadisco - ha concluso - che vogliamo restare un soggetto attivo nelle politiche sanitarie a fianco dell'Oms ed in prima fila per raccogliere vecchie e nuove sfide\".<\/p>\n<p>Il governo sta lavorando a un \"decreto di emergenza\" che riguarda i servizi in sanit\u00e0 e ribadisce di volersi impegnare per il \"rilancio del servizio pubblico attraverso la riduzione dei ticket e la diminuzione delle liste di attesa sia per le visite che per le cure diagnostiche ha detto la\u00a0ministra. Ha poi ricordato come a causa dei tagli effettuati negli ultimi anni oggi la sanit\u00e0 italiana si trova ad affrontare alcune disfunzioni legate anche alla mancanza di personale sanitario specialistico.<\/p>\n<p>\"Malgrado questo - ha detto - le cure sono sempre state assicurate grazie all'impegno del personale che qui voglio ringraziare\". \u00c8 un gap che il ministro ha detto di voler colmare al pi\u00f9 presto anche perch\u00e9, ha affermato, \"non \u00e8 possibile che per le cure, ad esempio, i cittadini debbano aspettare tempi lunghissimi. Non sto parlando - ha poi aggiunto - di un libro dei sogni, ma di un lavoro che abbiamo gi\u00e0 cominciato attraverso un confronto con le parti in causa\".<\/p>\n","protected":false},"excerpt":{"rendered":"<p>Roma, 17 Sett 2018 &#8211; La sanit\u00e0 italiana vuole restare &#8220;di eccellenza e universalistica&#8221;, malgrado &#8220;per anni si \u00e8 proceduto, a causa della crisi, a&#8230;<\/p>\n","protected":false},"author":2,"featured_media":164655,"comment_status":"closed","ping_status":"closed","sticky":false,"template":"","format":"standard","meta":[],"categories":[49,51],"tags":[],"_links":{"self":[{"href":"https:\/\/www.cronacaonline.it\/index.php\/wp-json\/wp\/v2\/posts\/164654"}],"collection":[{"href":"https:\/\/www.cronacaonline.it\/index.php\/wp-json\/wp\/v2\/posts"}],"about":[{"href":"https:\/\/www.cronacaonline.it\/index.php\/wp-json\/wp\/v2\/types\/post"}],"author":[{"embeddable":true,"href":"https:\/\/www.cronacaonline.it\/index.php\/wp-json\/wp\/v2\/users\/2"}],"replies":[{"embeddable":true,"href":"https:\/\/www.cronacaonline.it\/index.php\/wp-json\/wp\/v2\/comments?post=164654"}],"version-history":[{"count":0,"href":"https:\/\/www.cronacaonline.it\/index.php\/wp-json\/wp\/v2\/posts\/164654\/revisions"}],"wp:featuredmedia":[{"embeddable":true,"href":"https:\/\/www.cronacaonline.it\/index.php\/wp-json\/wp\/v2\/media\/164655"}],"wp:attachment":[{"href":"https:\/\/www.cronacaonline.it\/index.php\/wp-json\/wp\/v2\/media?parent=164654"}],"wp:term":[{"taxonomy":"category","embeddable":true,"href":"https:\/\/www.cronacaonline.it\/index.php\/wp-json\/wp\/v2\/categories?post=164654"},{"taxonomy":"post_tag","embeddable":true,"href":"https:\/\/www.cronacaonline.it\/index.php\/wp-json\/wp\/v2\/tags?post=164654"}],"curies":[{"name":"wp","href":"https:\/\/api.w.org\/{rel}","templated":true}]}}