{"id":164563,"date":"2018-09-14T14:55:19","date_gmt":"2018-09-14T12:55:19","guid":{"rendered":"http:\/\/www.cronacaonline.it\/public\/content\/?p=164563"},"modified":"2018-09-14T14:55:19","modified_gmt":"2018-09-14T12:55:19","slug":"cambio-al-vertice-del-1-reggimento-corazzato-avvicendamento-tra-il-colonnello-fabrizio-giardini-e-il-colonnello-carlo-colaneri","status":"publish","type":"post","link":"https:\/\/www.cronacaonline.it\/index.php\/2018\/09\/14\/cambio-al-vertice-del-1-reggimento-corazzato-avvicendamento-tra-il-colonnello-fabrizio-giardini-e-il-colonnello-carlo-colaneri\/","title":{"rendered":"Cambio al vertice del 1\u00b0 Reggimento Corazzato: avvicendamento tra il colonnello Fabrizio Giardini e il colonnello Carlo Colaneri."},"content":{"rendered":"<p>Teulada (Ca), 14 Sett 12018 - Stamane, nel piazzale antistante la palazzina comando della Caserma \u201cS. PISANO\u201d di Teulada, sede del 1\u00b0 Reggimento Corazzato e del 3\u00b0 Reggimento Bersaglieri, alla presenza del Vice Comandante del Comando Militare Esercito Sardegna, Generale di Brigata Eugenio Martis, si \u00e8 svolta la cerimonia di avvicendamento al vertice del 1\u00b0 Reggimento Corazzato tra il Colonnello Fabrizio Giardini cedente, ed il Colonnello Carlo Colaneri subentrante.<\/p>\n<p>Alla cerimonia hanno presenziato le massime autorit\u00e0 civili, religiose e militari locali, le rappresentanze delle associazioni combattentistiche e d\u2019arma e i gonfaloni dei comuni delle comunit\u00e0 locali.<\/p>\n<p>Nel suo breve intervento il Generale Martis, dopo aver rivolto un saluto a tutte le autorit\u00e0 presenti, agli ospiti, al personale schierato, allo stendardo del 1\u00b0 Reggimento Corazzato e alle associazioni combattentistiche e d\u2019arma, nel ringraziare il Colonnello Fabrizio Giardini per l\u2019ottimo lavoro svolto presso il 1\u00b0 Reggimento Corazzato, ha sottolineato l\u2019importanza delle molteplici attivit\u00e0 da lui dirette nei due anni di comando, tra le quali spiccano le attivit\u00e0 di supporto a favore delle unit\u00e0 in addestramento e le attivit\u00e0 di approntamento del personale militare per le missioni in patria e nei principali teatri operativi all\u2019estero, oltre la proficua opera di promozione e rinnovamento, dei gi\u00e0 solidi protocolli d\u2019intesa volti a favorire le comunit\u00e0 locali.<\/p>\n<p><img loading=\"lazy\" class=\"alignnone size-medium wp-image-164565 alignleft\" src=\"http:\/\/www.cronacaonline.it\/public\/content\/wp-content\/uploads\/2018\/09\/Esercito_Momento-della-cerimonia-1-300x200.jpg\" alt=\"Esercito_Momento della cerimonia 1\" width=\"300\" height=\"200\" \/><img loading=\"lazy\" class=\"alignnone size-medium wp-image-164566 alignleft\" src=\"http:\/\/www.cronacaonline.it\/public\/content\/wp-content\/uploads\/2018\/09\/Esercito_Momento-della-cerimonia-3-300x200.jpg\" alt=\"Esercito_Momento della cerimonia 3\" width=\"300\" height=\"200\" \/>Il Colonnello Giardini durante il suo intervento, ha riassunto brevemente il lungo ed intenso periodo trascorso alla guida del 1\u00b0 Reggimento evidenziando gli sforzi e i traguardi raggiunti dal personale civile e militare del reggimento ed esprimendo parole di profonda gratitudine per l\u2019incondizionato impegno e la straordinaria professionalit\u00e0 dimostrati durante i due anni di lavoro; al termine del suo intervento ha formulato un caloroso augurio di buon lavoro al Colonnello Carlo Colaneri.<\/p>\n<p>Il nuovo Comandante, il Colonnello Carlo Colaneri ha frequentato il 174\u00b0 Corso \u201cCoraggio\u201d presso l\u2019Accademia Militare di Modena e la Scuola di Applicazione di Torino, dove consegue la Laurea in Scienze politiche indirizzo Politico-Economico, e proviene dallo Stato Maggiore dell\u2019Esercito. Com<\/p>\n","protected":false},"excerpt":{"rendered":"<p>Teulada (Ca), 14 Sett 12018 &#8211; Stamane, nel piazzale antistante la palazzina comando della Caserma \u201cS. PISANO\u201d di Teulada, sede del 1\u00b0 Reggimento Corazzato e&#8230;<\/p>\n","protected":false},"author":2,"featured_media":164564,"comment_status":"closed","ping_status":"closed","sticky":false,"template":"","format":"standard","meta":[],"categories":[49,51,53],"tags":[],"_links":{"self":[{"href":"https:\/\/www.cronacaonline.it\/index.php\/wp-json\/wp\/v2\/posts\/164563"}],"collection":[{"href":"https:\/\/www.cronacaonline.it\/index.php\/wp-json\/wp\/v2\/posts"}],"about":[{"href":"https:\/\/www.cronacaonline.it\/index.php\/wp-json\/wp\/v2\/types\/post"}],"author":[{"embeddable":true,"href":"https:\/\/www.cronacaonline.it\/index.php\/wp-json\/wp\/v2\/users\/2"}],"replies":[{"embeddable":true,"href":"https:\/\/www.cronacaonline.it\/index.php\/wp-json\/wp\/v2\/comments?post=164563"}],"version-history":[{"count":0,"href":"https:\/\/www.cronacaonline.it\/index.php\/wp-json\/wp\/v2\/posts\/164563\/revisions"}],"wp:featuredmedia":[{"embeddable":true,"href":"https:\/\/www.cronacaonline.it\/index.php\/wp-json\/wp\/v2\/media\/164564"}],"wp:attachment":[{"href":"https:\/\/www.cronacaonline.it\/index.php\/wp-json\/wp\/v2\/media?parent=164563"}],"wp:term":[{"taxonomy":"category","embeddable":true,"href":"https:\/\/www.cronacaonline.it\/index.php\/wp-json\/wp\/v2\/categories?post=164563"},{"taxonomy":"post_tag","embeddable":true,"href":"https:\/\/www.cronacaonline.it\/index.php\/wp-json\/wp\/v2\/tags?post=164563"}],"curies":[{"name":"wp","href":"https:\/\/api.w.org\/{rel}","templated":true}]}}