{"id":164543,"date":"2018-09-14T11:39:35","date_gmt":"2018-09-14T09:39:35","guid":{"rendered":"http:\/\/www.cronacaonline.it\/public\/content\/?p=164543"},"modified":"2018-09-14T11:39:35","modified_gmt":"2018-09-14T09:39:35","slug":"diventare-cittadini-consapevoli-con-ca-ci-co-scadono-lunedi-17-le-iscrizioni-al-camp-acli","status":"publish","type":"post","link":"https:\/\/www.cronacaonline.it\/index.php\/2018\/09\/14\/diventare-cittadini-consapevoli-con-ca-ci-co-scadono-lunedi-17-le-iscrizioni-al-camp-acli\/","title":{"rendered":"Diventare cittadini consapevoli con Ca.Ci.Co.: scadono luned\u00ec 17 le iscrizioni al Camp Acli"},"content":{"rendered":"<p>Cagliari, 14 Sett 2018 - Scadranno il prossimo luned\u00ec 17 settembre i termini per iscriversi al Ca.Ci.Co. il campo scuola per cittadini pi\u00f9 consapevoli organizzato dalle Acli provinciali di Cagliari che si terr\u00e0 dal 20 al 22 settembre. Il progetto gratuito, pensato dai ragazzi del Servizio Civile e diretto a giovani tra i 18 e i 30 anni, sar\u00e0 un\u2019occasione per coltivare il proprio senso civico e lo spirito critico.<\/p>\n<p>Il programma prevede workshop, dibattiti e approfondimenti con il contributo di professionisti del settore sui temi de:<\/p>\n<p>La Costituzione, come mettere a frutto una coscienza civica, storie di antimafia e vittime di mafia, la criminalit\u00e0 organizzata in Sardegna, la corruzione e gli altri reati che hanno come vittima la collettivit\u00e0, ripercorreremo insieme alcuni degli scandali corruttivi che hanno caratterizzato la storia del nostro paese.<\/p>\n<p>Nel corso della tre giorni, le ACLI ospiteranno i promotori del progetto che ha consentito lo studio e la costruzione di nuovi spazi esterni accoglienti presso il carcere minorile di Quartucciu. Uno dei seminari sar\u00e0 infatti dedicato alla presentazione del progetto \u201cDa le celle alle stelle\u201d portato avanti da studenti e volontari con il supporto di alcuni docenti dell\u2019Universit\u00e0 degli Studi di Cagliari.<\/p>\n<p>Per maggiori informazioni \u00e8 possibile contattare la segreteria allo 07043039 o scrivere una e-mail a acliprovincialicagliari@gmail.com La partecipazione \u00e8 gratuita\u00a0ma per ragioni assicurative i ragazzi dovranno tesserarsi. Com<\/p>\n","protected":false},"excerpt":{"rendered":"<p>Cagliari, 14 Sett 2018 &#8211; Scadranno il prossimo luned\u00ec 17 settembre i termini per iscriversi al Ca.Ci.Co. il campo scuola per cittadini pi\u00f9 consapevoli organizzato&#8230;<\/p>\n","protected":false},"author":2,"featured_media":164544,"comment_status":"closed","ping_status":"closed","sticky":false,"template":"","format":"standard","meta":[],"categories":[49,51,53],"tags":[],"_links":{"self":[{"href":"https:\/\/www.cronacaonline.it\/index.php\/wp-json\/wp\/v2\/posts\/164543"}],"collection":[{"href":"https:\/\/www.cronacaonline.it\/index.php\/wp-json\/wp\/v2\/posts"}],"about":[{"href":"https:\/\/www.cronacaonline.it\/index.php\/wp-json\/wp\/v2\/types\/post"}],"author":[{"embeddable":true,"href":"https:\/\/www.cronacaonline.it\/index.php\/wp-json\/wp\/v2\/users\/2"}],"replies":[{"embeddable":true,"href":"https:\/\/www.cronacaonline.it\/index.php\/wp-json\/wp\/v2\/comments?post=164543"}],"version-history":[{"count":0,"href":"https:\/\/www.cronacaonline.it\/index.php\/wp-json\/wp\/v2\/posts\/164543\/revisions"}],"wp:featuredmedia":[{"embeddable":true,"href":"https:\/\/www.cronacaonline.it\/index.php\/wp-json\/wp\/v2\/media\/164544"}],"wp:attachment":[{"href":"https:\/\/www.cronacaonline.it\/index.php\/wp-json\/wp\/v2\/media?parent=164543"}],"wp:term":[{"taxonomy":"category","embeddable":true,"href":"https:\/\/www.cronacaonline.it\/index.php\/wp-json\/wp\/v2\/categories?post=164543"},{"taxonomy":"post_tag","embeddable":true,"href":"https:\/\/www.cronacaonline.it\/index.php\/wp-json\/wp\/v2\/tags?post=164543"}],"curies":[{"name":"wp","href":"https:\/\/api.w.org\/{rel}","templated":true}]}}