{"id":164444,"date":"2018-09-12T09:41:18","date_gmt":"2018-09-12T07:41:18","guid":{"rendered":"http:\/\/www.cronacaonline.it\/public\/content\/?p=164444"},"modified":"2018-09-12T09:41:18","modified_gmt":"2018-09-12T07:41:18","slug":"lultimo-discorso-sullo-stato-dellunione-di-jean-claude-juncker-no-a-nazionalismi-che-distruggono","status":"publish","type":"post","link":"https:\/\/www.cronacaonline.it\/index.php\/2018\/09\/12\/lultimo-discorso-sullo-stato-dellunione-di-jean-claude-juncker-no-a-nazionalismi-che-distruggono\/","title":{"rendered":"L&#8217;ultimo discorso sullo stato dell&#8217;Unione di Jean-Claude Juncker: No a nazionalismi che distruggono"},"content":{"rendered":"<p>Strasburgo, 12 Sett 2018 - L'ultimo discorso sullo stato dell'Unione di Jean-Claude Juncker: No a nazionalismi che distruggono \"'Non penso che siamo alla vigilia di una catastrofe come quella della prima guerra mondiale, tuttavia dobbiamo ricordarci di essere felici perch\u00e9 viviamo in un continente di pace grazie all'Unione europea: per questo dobbiamo rispettarla meglio, difendere il nostro modo di essere e di vivere\", ha detto ancora Juncker Tweet 12 settembre 2018 Il Parlamento europeo \u00e8 al centro dell'attenzione: il presidente della Commissione europea Juncker pronuncia il discorso sullo stato dell'Ue a Strasburgo dove si votano anche le sanzioni contro l'Ungheria di Orban sul caso immigrazione.<\/p>\n<p>\u201c\u00c8 necessario rispettare l'Unione Europea. Non ricorriamo ad un nazionalismo che cerca capri espiatori e cerca di distruggerli invece di farci coesistere in modo migliore\". Lo ha detto il presidente della Commissione Ue Jean-Claude Juncker nel suo ultimo discorso sullo stato dell'Unione a Strasburgo.<\/p>\n<p>'Non penso che siamo alla vigilia di una catastrofe come quella della prima guerra mondiale, tuttavia dobbiamo ricordarci di essere felici perch\u00e9 viviamo in un continente di pace grazie all'Unione europea: per questo dobbiamo rispettarla meglio, difendere il nostro modo di essere e di vivere', ha detto ancora Juncker, che ha aggiunto: 'Si' al patriottismo che non \u00e8 rivolto contro gli altri, no al nazionalismo che respinge e detesta gli altri, che distrugge, cerchiamo invece soluzioni che ci permettano vivere insieme. Mai pi\u00f9 la guerra, dicevano i nostri 'padri fondatori', ci\u00f2 per noi \u00e8 un faro, dobbiamo essere vigili'.<\/p>\n<p>Ieri il Parlamento si \u00e8 profondamente diviso sul caso Ungheria e dopo l'intervento del premier Orban. Oggi il Parlamento si esprimer\u00e0 sulla richiesta di aprire una procedura contro l'Ungheria per violazione dello Stato di diritto.<\/p>\n","protected":false},"excerpt":{"rendered":"<p>Strasburgo, 12 Sett 2018 &#8211; L&#8217;ultimo discorso sullo stato dell&#8217;Unione di Jean-Claude Juncker: No a nazionalismi che distruggono &#8220;&#8216;Non penso che siamo alla vigilia di&#8230;<\/p>\n","protected":false},"author":2,"featured_media":164445,"comment_status":"closed","ping_status":"closed","sticky":false,"template":"","format":"standard","meta":[],"categories":[49,51],"tags":[],"_links":{"self":[{"href":"https:\/\/www.cronacaonline.it\/index.php\/wp-json\/wp\/v2\/posts\/164444"}],"collection":[{"href":"https:\/\/www.cronacaonline.it\/index.php\/wp-json\/wp\/v2\/posts"}],"about":[{"href":"https:\/\/www.cronacaonline.it\/index.php\/wp-json\/wp\/v2\/types\/post"}],"author":[{"embeddable":true,"href":"https:\/\/www.cronacaonline.it\/index.php\/wp-json\/wp\/v2\/users\/2"}],"replies":[{"embeddable":true,"href":"https:\/\/www.cronacaonline.it\/index.php\/wp-json\/wp\/v2\/comments?post=164444"}],"version-history":[{"count":0,"href":"https:\/\/www.cronacaonline.it\/index.php\/wp-json\/wp\/v2\/posts\/164444\/revisions"}],"wp:featuredmedia":[{"embeddable":true,"href":"https:\/\/www.cronacaonline.it\/index.php\/wp-json\/wp\/v2\/media\/164445"}],"wp:attachment":[{"href":"https:\/\/www.cronacaonline.it\/index.php\/wp-json\/wp\/v2\/media?parent=164444"}],"wp:term":[{"taxonomy":"category","embeddable":true,"href":"https:\/\/www.cronacaonline.it\/index.php\/wp-json\/wp\/v2\/categories?post=164444"},{"taxonomy":"post_tag","embeddable":true,"href":"https:\/\/www.cronacaonline.it\/index.php\/wp-json\/wp\/v2\/tags?post=164444"}],"curies":[{"name":"wp","href":"https:\/\/api.w.org\/{rel}","templated":true}]}}