{"id":164428,"date":"2018-09-11T19:22:58","date_gmt":"2018-09-11T17:22:58","guid":{"rendered":"http:\/\/www.cronacaonline.it\/public\/content\/?p=164428"},"modified":"2018-09-11T19:22:58","modified_gmt":"2018-09-11T17:22:58","slug":"migranti-orban-alleuroparlamento-difenderemo-le-frontiere-senza-cedere-al-ricatto","status":"publish","type":"post","link":"https:\/\/www.cronacaonline.it\/index.php\/2018\/09\/11\/migranti-orban-alleuroparlamento-difenderemo-le-frontiere-senza-cedere-al-ricatto\/","title":{"rendered":"Migranti, Orban all&#8217;Europarlamento: difenderemo le frontiere senza cedere al ricatto"},"content":{"rendered":"<p>Bruxelles, 11 Sett 2018 - \"Non accetteremo che le forze pro-migrazione ci ricattino, non cederemo al ricatto, difenderemo le frontiere e fermeremo la migrazione clandestina.\u00a0Anche contro di voi se \u00e8 necessario\", dice il premier ungherese Viktor Orban al Parlamento europeo che dovr\u00e0 votare sulle sanzioni contro l'Ungheria per violazione dello stato di diritto.<\/p>\n<p>\"L'Ungheria sar\u00e0 condannata perch\u00e9 ha deciso che non sar\u00e0 patria di immigrazione. Ma noi non accetteremo minacce e ricatti delle forze pro-immigrazione.\u00a0Voi vi siete gi\u00e0 fatti un'idea su questa relazione, e il mio intervento non vi far\u00e0 cambiare opinione ma sono venuto lo stesso. Non condannerete un governo, ma l'Ungheria che da mille anni \u00e8 membro della famiglia europea. Sono qui per difendere la mia Patria\", ha aggiunto Orban.<\/p>\n<p>\"Quando critichiamo il governo ungherese lo facciamo in modo preciso. Venire a dirci che se critichiamo il governo\" di Budapest \"allora stiamo criticando il popolo ungherese, questo \u00e8 un atteggiamento da codardi\", ha detto il vicepresidente della Commissione Ue, Frans Timmermans, replicando a Strasburgo al discorso del premier ungherese Orban. \"Se credete in queste leggi fatevene carico e poi ne parliamo, perch\u00e9 altrimenti \u00e8 una cosa da codardi\", ha aggiunto.<\/p>\n","protected":false},"excerpt":{"rendered":"<p>Bruxelles, 11 Sett 2018 &#8211; &#8220;Non accetteremo che le forze pro-migrazione ci ricattino, non cederemo al ricatto, difenderemo le frontiere e fermeremo la migrazione clandestina.\u00a0Anche&#8230;<\/p>\n","protected":false},"author":2,"featured_media":164429,"comment_status":"closed","ping_status":"closed","sticky":false,"template":"","format":"standard","meta":[],"categories":[49,51],"tags":[],"_links":{"self":[{"href":"https:\/\/www.cronacaonline.it\/index.php\/wp-json\/wp\/v2\/posts\/164428"}],"collection":[{"href":"https:\/\/www.cronacaonline.it\/index.php\/wp-json\/wp\/v2\/posts"}],"about":[{"href":"https:\/\/www.cronacaonline.it\/index.php\/wp-json\/wp\/v2\/types\/post"}],"author":[{"embeddable":true,"href":"https:\/\/www.cronacaonline.it\/index.php\/wp-json\/wp\/v2\/users\/2"}],"replies":[{"embeddable":true,"href":"https:\/\/www.cronacaonline.it\/index.php\/wp-json\/wp\/v2\/comments?post=164428"}],"version-history":[{"count":0,"href":"https:\/\/www.cronacaonline.it\/index.php\/wp-json\/wp\/v2\/posts\/164428\/revisions"}],"wp:featuredmedia":[{"embeddable":true,"href":"https:\/\/www.cronacaonline.it\/index.php\/wp-json\/wp\/v2\/media\/164429"}],"wp:attachment":[{"href":"https:\/\/www.cronacaonline.it\/index.php\/wp-json\/wp\/v2\/media?parent=164428"}],"wp:term":[{"taxonomy":"category","embeddable":true,"href":"https:\/\/www.cronacaonline.it\/index.php\/wp-json\/wp\/v2\/categories?post=164428"},{"taxonomy":"post_tag","embeddable":true,"href":"https:\/\/www.cronacaonline.it\/index.php\/wp-json\/wp\/v2\/tags?post=164428"}],"curies":[{"name":"wp","href":"https:\/\/api.w.org\/{rel}","templated":true}]}}