{"id":164384,"date":"2018-09-11T11:07:47","date_gmt":"2018-09-11T09:07:47","guid":{"rendered":"http:\/\/www.cronacaonline.it\/public\/content\/?p=164384"},"modified":"2018-09-11T11:07:47","modified_gmt":"2018-09-11T09:07:47","slug":"minorenne-pluripregiudicato-di-pula-arrestato-dai-carabinieri-della-locale-stazione-cc","status":"publish","type":"post","link":"https:\/\/www.cronacaonline.it\/index.php\/2018\/09\/11\/minorenne-pluripregiudicato-di-pula-arrestato-dai-carabinieri-della-locale-stazione-cc\/","title":{"rendered":"Minorenne pluripregiudicato di Pula arrestato dai carabinieri della locale Stazione CC"},"content":{"rendered":"<p>Pula (Ca), 11 Sett 2018 - I carabinieri della Stazione di Pula dipendente dalla compagnia CC di Cagliari, nel corso della serata di ieri hanno arrestato, in esecuzione di un\u2019ordinanza di custodia cautelare scaturita da impegnativa attivit\u00e0 investigativa della Stazione cc, un minorenne pluripregiudicato del luogo che era stato denunciato gi\u00e0 dagli stessi militari lo scorso luglio a seguito del suo pieno coinvolgimento in un\u2019aggressione operata nei confronti di un cagliaritano di 21 anni, avvenuta in via la Marmora a Pula il 5 luglio per motivi riconducibili all\u2019attivit\u00e0 di spaccio di sostanze stupefacenti.<\/p>\n<p>Infatti, durante l\u2019aggressione, il pluripregiudicato arrestato ieri, di 18 anni, unitamente a quattro suoi coetanei, ha aggredito e percosso con calci e pugni la vittima che era stata poi soccorsa e trasportata al pronto soccorso dell\u2019ospedale Santissima Trinit\u00e0 del capoluogo regionale dove gli \u00e8 stata riscontrata una frattura della mascella nonch\u00e9 diverse contusioni.<\/p>\n<p>Quindi il ragazzo ieri \u00e8 stato dichiarato in arresto poich\u00e9 durante l\u2019aggressione lo stesso, secondo quanto emerso dagli accertamenti compiuti dai militari della Stazione del paese, indossava un tirapugni in ferro, circostanza che ha aggravato ulteriormente la sua posizione.<\/p>\n<p>In seguito, il giovane ultimate le adempienze di legge \u00e8 stato accompagnato e rinchiuso presso l\u2019istituto di pena minorile di Quartucciu.<\/p>\n","protected":false},"excerpt":{"rendered":"<p>Pula (Ca), 11 Sett 2018 &#8211; I carabinieri della Stazione di Pula dipendente dalla compagnia CC di Cagliari, nel corso della serata di ieri hanno&#8230;<\/p>\n","protected":false},"author":2,"featured_media":164385,"comment_status":"closed","ping_status":"closed","sticky":false,"template":"","format":"standard","meta":[],"categories":[49,51,55],"tags":[],"_links":{"self":[{"href":"https:\/\/www.cronacaonline.it\/index.php\/wp-json\/wp\/v2\/posts\/164384"}],"collection":[{"href":"https:\/\/www.cronacaonline.it\/index.php\/wp-json\/wp\/v2\/posts"}],"about":[{"href":"https:\/\/www.cronacaonline.it\/index.php\/wp-json\/wp\/v2\/types\/post"}],"author":[{"embeddable":true,"href":"https:\/\/www.cronacaonline.it\/index.php\/wp-json\/wp\/v2\/users\/2"}],"replies":[{"embeddable":true,"href":"https:\/\/www.cronacaonline.it\/index.php\/wp-json\/wp\/v2\/comments?post=164384"}],"version-history":[{"count":0,"href":"https:\/\/www.cronacaonline.it\/index.php\/wp-json\/wp\/v2\/posts\/164384\/revisions"}],"wp:featuredmedia":[{"embeddable":true,"href":"https:\/\/www.cronacaonline.it\/index.php\/wp-json\/wp\/v2\/media\/164385"}],"wp:attachment":[{"href":"https:\/\/www.cronacaonline.it\/index.php\/wp-json\/wp\/v2\/media?parent=164384"}],"wp:term":[{"taxonomy":"category","embeddable":true,"href":"https:\/\/www.cronacaonline.it\/index.php\/wp-json\/wp\/v2\/categories?post=164384"},{"taxonomy":"post_tag","embeddable":true,"href":"https:\/\/www.cronacaonline.it\/index.php\/wp-json\/wp\/v2\/tags?post=164384"}],"curies":[{"name":"wp","href":"https:\/\/api.w.org\/{rel}","templated":true}]}}