{"id":164367,"date":"2018-09-10T19:42:45","date_gmt":"2018-09-10T17:42:45","guid":{"rendered":"http:\/\/www.cronacaonline.it\/public\/content\/?p=164367"},"modified":"2018-09-10T19:42:45","modified_gmt":"2018-09-10T17:42:45","slug":"arrestato-dai-carabinieri-della-compagnia-di-oristano-allevatore-di-siamanna-per-coltivazione-illegale-di-canapa-indiana","status":"publish","type":"post","link":"https:\/\/www.cronacaonline.it\/index.php\/2018\/09\/10\/arrestato-dai-carabinieri-della-compagnia-di-oristano-allevatore-di-siamanna-per-coltivazione-illegale-di-canapa-indiana\/","title":{"rendered":"Arrestato dai carabinieri della compagnia di Oristano allevatore di Siamanna per coltivazione illegale di Canapa indiana."},"content":{"rendered":"<p>Oristano, 10 Sett 2018 - Intensificati i controlli in tutto il territorio di competenza della Compagnia carabinieri di Oristano finalizzati al contrasto dei reati predatori e del fenomeno dell\u2019abigeato nelle aree rurali della provincia. Ad agire i militari delle Stazione di Villaurbana e San Vero Milis diretti dal Cap. Francesco Giola.<\/p>\n<p>Questa mattina i militari hanno proceduto ad un rituale controllo di un ovile finalizzato al rispetto delle norme igienico-sanitarie di riferimento nonch\u00e9 sulla regolare registrazione dei capi di bestiame allevati e sulla regolare tenuta dei registri aziendali. E, nel corso del controllo, esteso anche alle pertinenze dell\u2019azienda, l\u2019attenzione del personale dell\u2019Arma \u00e8 stata attirata da un sentiero battuto dai pneumatici di un trattore che si addentrava verso un\u2019area boschiva. E, perci\u00f2, seguendo il tracciato, in mezzo al boschetto era ben occultata una piantagione di circa 46 piante di marijuana in fase di infiorescenza che il coltivatore annaffiava utilizzando una cisterna posta su delle pedane che veniva spostata di volta in volta con l\u2019utilizzo del trattore con la forca. Il proprietario dell\u2019azienda S.S., 33 enne, di Siamanna \u00e8 stato dunque dichiarato in arresto e poi, ultimate le formalit\u00e0 di legge \u00e8 stato messo agli arresti domiciliari in attesa del processo per direttissima che sar\u00e0 svolto nella mattinata di\u00a0domani 11 settembre.<\/p>\n","protected":false},"excerpt":{"rendered":"<p>Oristano, 10 Sett 2018 &#8211; Intensificati i controlli in tutto il territorio di competenza della Compagnia carabinieri di Oristano finalizzati al contrasto dei reati predatori&#8230;<\/p>\n","protected":false},"author":2,"featured_media":164368,"comment_status":"closed","ping_status":"closed","sticky":false,"template":"","format":"standard","meta":[],"categories":[49,51,55],"tags":[],"_links":{"self":[{"href":"https:\/\/www.cronacaonline.it\/index.php\/wp-json\/wp\/v2\/posts\/164367"}],"collection":[{"href":"https:\/\/www.cronacaonline.it\/index.php\/wp-json\/wp\/v2\/posts"}],"about":[{"href":"https:\/\/www.cronacaonline.it\/index.php\/wp-json\/wp\/v2\/types\/post"}],"author":[{"embeddable":true,"href":"https:\/\/www.cronacaonline.it\/index.php\/wp-json\/wp\/v2\/users\/2"}],"replies":[{"embeddable":true,"href":"https:\/\/www.cronacaonline.it\/index.php\/wp-json\/wp\/v2\/comments?post=164367"}],"version-history":[{"count":0,"href":"https:\/\/www.cronacaonline.it\/index.php\/wp-json\/wp\/v2\/posts\/164367\/revisions"}],"wp:featuredmedia":[{"embeddable":true,"href":"https:\/\/www.cronacaonline.it\/index.php\/wp-json\/wp\/v2\/media\/164368"}],"wp:attachment":[{"href":"https:\/\/www.cronacaonline.it\/index.php\/wp-json\/wp\/v2\/media?parent=164367"}],"wp:term":[{"taxonomy":"category","embeddable":true,"href":"https:\/\/www.cronacaonline.it\/index.php\/wp-json\/wp\/v2\/categories?post=164367"},{"taxonomy":"post_tag","embeddable":true,"href":"https:\/\/www.cronacaonline.it\/index.php\/wp-json\/wp\/v2\/tags?post=164367"}],"curies":[{"name":"wp","href":"https:\/\/api.w.org\/{rel}","templated":true}]}}