{"id":164334,"date":"2018-09-10T11:11:03","date_gmt":"2018-09-10T09:11:03","guid":{"rendered":"http:\/\/www.cronacaonline.it\/public\/content\/?p=164334"},"modified":"2018-09-10T11:11:03","modified_gmt":"2018-09-10T09:11:03","slug":"svezia-ultradestra-avanza-ma-non-sfonda-piu-debole-premier-socialdemocratico-ma-non-mi-dimetto","status":"publish","type":"post","link":"https:\/\/www.cronacaonline.it\/index.php\/2018\/09\/10\/svezia-ultradestra-avanza-ma-non-sfonda-piu-debole-premier-socialdemocratico-ma-non-mi-dimetto\/","title":{"rendered":"Svezia, ultradestra avanza ma non sfonda. Pi\u00f9 debole premier socialdemocratico: &#8220;Ma non mi dimetto&#8221;."},"content":{"rendered":"<p>Stoccolma, 10 Sett 2018 - Non \u00e8 stato uno tsumani come speravano i sovranisti, ma a poche ore dalle legislative, l'onda nera in Svezia ha gi\u00e0 provocato i suoi primi effetti: seppur con percentuali superiori, i due blocchi tradizionali - socialdemocratici e centro-destra - saranno costretti al dialogo per risolvere il rebus di un governo di coalizione che al momento appare molto difficile.<\/p>\n<p>Il 17,6% dei voti ottenuti dall'estrema destra, infatti, non \u00e8 forse il risultato sperato dal leader del partito anti-immigrazione (Democratici Svedesi), Jimmie Akesson, che ambiva a raggiungere e superare abbondantemente il 20%, ma con i suoi 62 seggi \u00e8 pi\u00f9 che sufficiente per dare un grosso scossone alla politica svedese e all'intera Unione europea. Al punto che il primo ministro social-democratico Stefan Loefven ha gi\u00e0 lanciato un appello al dialogo all'opposizione di centro-destra.<\/p>\n<p>I risultati definitivi delle elezioni non arriveranno prima di mercoled\u00ec, quando si conoscer\u00e0 l'esito del voto dei circa 200.000 svedesi all'estero. Il blocco \"rosso-verde\" al potere fino ad oggi \u00e8 accreditato per il momento di un seggio in pi\u00f9 (144, con il 40,1%) rispetto all'opposizione (143) conservatrice. Nessuno dei due gruppi \u00e8 comunque vicino a ottenere il 50% dei 349 seggi in ballo al Riksdag, il Parlamento svedese. \"Una cosa \u00e8 certa, nessuno ha ottenuto la maggioranza, quindi \u00e8 naturale avviare una collaborazione tra i blocchi\", ha detto il primo ministro uscente Stefan L\u00f6fven. Queste elezioni hanno firmato \"la sepoltura della politica dei blocchi\", ha aggiunto, ricordando ai partiti della coalizione di centro-destra la loro \"responsabilit\u00e0 morale\".<\/p>\n<p>L\u00f6fven \u00e8 determinato a rimanere al timone del governo, forte del fatto che nel Paese, tradizionalmente, il capo del governo \u00e8 il leader del partito che ottiene il maggior numero di voti. E sebbene i socialdemocratici abbiano perso quasi tre punti percentuali rispetto alle elezioni del 2014, scendendo al 28,4% dei voti, al momento restano il primo partito di Svezia, secondo i risultati del 99,8% dei collegi elettorali.<\/p>\n<p>Il primo ministro della Svezia Stefan Lofven, alla guida di una coalizione formata da Socialdemocratici e Verdi, ha affermato che rester\u00e0 in carica almeno fino all'apertura del nuovo parlamento tra due settimane. L'annuncio \u00e8 giunto nel corso di una manifestazione, dopo la chiusura delle urne.<\/p>\n<p>Ma il nuovo paesaggio politico post elettorale rende ogni congettura particolarmente rischiosa. Criticato da tutti i suoi avversari politici - e non solo - per la sua politica migratoria e sociale, il capo del governo uscente appare personalmente indebolito da quattro anni di un mandato tumultuoso che ha visto l'arrivo solo nel 2015 di 160.000 richiedenti asilo, un record in Europa rispetto al numero di abitanti. Magra consolazione per L\u00f6fven il risultato non certo soddisfacente dei conservatori di Ulf Kristersson, che hanno perso 3,5 punti percentuali in quattro anni, raggiungendo il 19,8% delle preferenze.<\/p>\n<p>Da parte sua, l'estrema destra, come detto, avanza ma non sfonda: i populisti sono il terzo partito, con il 17,6% delle preferenze, in crescita di quasi cinque punti rispetto alle elezioni del 2014 (12,9%). \"Siamo i grandi vincitori di queste elezioni (...). Eserciteremo una vera influenza sulla politica svedese\", ha detto un Jimmie \u00c5kesson trionfante ai suoi sostenitori riuniti in un ristorante della capitale. \"Sono pronto a parlare, a collaborare, a negoziare con tutte le parti, ma in particolare voglio invitare Ulf Kristersson a negoziare\", ha aggiunto.<\/p>\n<p>Il leader del centrodestra svedese Ulf Kristersson ha detto ai suoi sostenitori che si attende un mandato per formare un nuovo governo e che il primo ministro uscente Stefan Lofven dovrebbe dimettersi. L'alleanza di opposizione in parlamento - ha detto - \"\u00e8 chiaramente la pi\u00f9 ampia e il governo deve andarsene\". \"Abbiamo vinto il promo round per formare un nuovo esecutivo\", ha aggiunto.<\/p>\n<p>Sette conservatori su dieci, prima del voto, erano per\u00f2 contrari a un accordo con l'estrema destra. E questo complica non poco il rebus governo. Se il centrodestra vorr\u00e0 rendere effettiva l'alternanza al potere, con ogni probabilit\u00e0 dovr\u00e0 piegarsi alle richieste sovranisti. \"Il suo governo dipender\u00e0 dai Democratici svedesi e non sar\u00e0 libero\", ha commentato Lisa Pelling, del centro studi Arena Ide.<\/p>\n<p>Il voto \u00e8 stato tutt'altro che tranquillo. A seggi aperti sono stati denunciati gravi atti di intimidazione da parte di esponenti filo nazisti. Secondo il quotidiano Svenska Dagbladet, alcuni rappresentanti del Movimento di resistenza nordica hanno fatto irruzione in alcuni seggi e hanno cercato di fotografare elettori, schede e giornalisti presenti, procedendo a veri e propri atti di intimidazione.<\/p>\n<p>Secondo la stampa di Stoccolma, in vista della formazione di un nuovo esecutivo \u00e8 probabile una fase di negoziati e incertezza. I nazionalisti di Sverigedemokraterna (Sd), entrati una prima volta in parlamento nel 2010, hanno ottenuto circa il 18 per cento dei consensi. In crescita anche la sinistra di Vansterpartiet, salita dal 5,7 per cento delle scorse elezioni all'8 per cento. Attestati attorno al 40 per cento invece sia la coalizione guidata dallo Sveriges Socialdemokratiska Arbetareparti (Sap) di Lofven che l'Alliansen di centrodestra, (Vig\/Dire).<\/p>\n<p>La tensione della campagna elettorale, giocata sull'immigrazione dopo l'ondata dei 400.000 profughi accolti dal 2012, ha continuato ad aleggiare sul voto con i blitz in diversi seggi compiuti da militanti neo-nazisti che hanno intimidito e aggredito elettori e giornalisti, scattando fotografie.\u00a0E in molti hanno voltato le spalle ai socialdemocratici perch\u00e9, malgrado una crescita economica stabile e un tasso di disoccupazione sotto al 6%, la questione dei migranti, della criminalit\u00e0\u00a0e dell'insicurezza percepita dagli svedesi ha pesato pi\u00f9 del benessere economico.<\/p>\n","protected":false},"excerpt":{"rendered":"<p>Stoccolma, 10 Sett 2018 &#8211; Non \u00e8 stato uno tsumani come speravano i sovranisti, ma a poche ore dalle legislative, l&#8217;onda nera in Svezia ha&#8230;<\/p>\n","protected":false},"author":2,"featured_media":164335,"comment_status":"closed","ping_status":"closed","sticky":false,"template":"","format":"standard","meta":[],"categories":[49,51],"tags":[],"_links":{"self":[{"href":"https:\/\/www.cronacaonline.it\/index.php\/wp-json\/wp\/v2\/posts\/164334"}],"collection":[{"href":"https:\/\/www.cronacaonline.it\/index.php\/wp-json\/wp\/v2\/posts"}],"about":[{"href":"https:\/\/www.cronacaonline.it\/index.php\/wp-json\/wp\/v2\/types\/post"}],"author":[{"embeddable":true,"href":"https:\/\/www.cronacaonline.it\/index.php\/wp-json\/wp\/v2\/users\/2"}],"replies":[{"embeddable":true,"href":"https:\/\/www.cronacaonline.it\/index.php\/wp-json\/wp\/v2\/comments?post=164334"}],"version-history":[{"count":0,"href":"https:\/\/www.cronacaonline.it\/index.php\/wp-json\/wp\/v2\/posts\/164334\/revisions"}],"wp:featuredmedia":[{"embeddable":true,"href":"https:\/\/www.cronacaonline.it\/index.php\/wp-json\/wp\/v2\/media\/164335"}],"wp:attachment":[{"href":"https:\/\/www.cronacaonline.it\/index.php\/wp-json\/wp\/v2\/media?parent=164334"}],"wp:term":[{"taxonomy":"category","embeddable":true,"href":"https:\/\/www.cronacaonline.it\/index.php\/wp-json\/wp\/v2\/categories?post=164334"},{"taxonomy":"post_tag","embeddable":true,"href":"https:\/\/www.cronacaonline.it\/index.php\/wp-json\/wp\/v2\/tags?post=164334"}],"curies":[{"name":"wp","href":"https:\/\/api.w.org\/{rel}","templated":true}]}}