{"id":164126,"date":"2018-09-04T17:20:37","date_gmt":"2018-09-04T15:20:37","guid":{"rendered":"http:\/\/www.cronacaonline.it\/public\/content\/?p=164126"},"modified":"2018-09-04T17:20:37","modified_gmt":"2018-09-04T15:20:37","slug":"insularita-successo-oltre-ogni-aspettativa-domenica-si-chiude-la-raccolta-delle-firme-ultima-occasione-per-chi-vuole-sostenere-la-campagna","status":"publish","type":"post","link":"https:\/\/www.cronacaonline.it\/index.php\/2018\/09\/04\/insularita-successo-oltre-ogni-aspettativa-domenica-si-chiude-la-raccolta-delle-firme-ultima-occasione-per-chi-vuole-sostenere-la-campagna\/","title":{"rendered":"Insularit\u00e0, successo oltre ogni aspettativa. Domenica si chiude la raccolta delle firme: ultima occasione per chi vuole sostenere la campagna"},"content":{"rendered":"<p>Cagliari, 4 Sett 2018 - \"Domenica 9 settembre si chiude ufficialmente la raccolta firme. Dopodich\u00e9 la battaglia si sposter\u00e0 in Parlamento\u201d. Cos\u00ec il presidente del Comitato per l\u2019inserimento del principio di insularit\u00e0 nella Costituzione Roberto Frongia, nell\u2019annunciare la conclusione della campagna per la sottoscrizione della proposta di legge di iniziativa popolare per l\u2019inserimento del principio di insularit\u00e0 nella Costituzione.<\/p>\n<p>Da\u00a0oggi\u00a0inizia il rush finale, saranno gli ultimi giorni in cui chi vuole sostenere la campagna potr\u00e0 farlo apponendo la sua firma.<\/p>\n<p>\"Un successo senza precedenti: in migliaia si sono presentati ai tavolini - prosegue Frongia - per sostenere un diritto fondamentale per tutti i sardi\u201d. La raccolta firme comunque proseguir\u00e0 fino a domenica per poi spostare l'attenzione in Parlamento. \"Mercoled\u00ec 26 settembre - prosegue Frongia - le firme raccolte verranno ufficialmente depositate a Roma e di li' inizier\u00e0 la seconda fase di questa battaglia. La Sardegna dovr\u00e0 dimostrarsi estremante compatta in questa battaglia vitale per le sue prospettive. E sar\u00e0 in quel momento che lo capiremo\u201c.<\/p>\n<p>Intanto, il Comitato accoglie con favore l'apertura da parte di Sinistra Italiana, per l\u2019adesione al Comitato per l\u2019insularit\u00e0.<\/p>\n<p>\u201cIl comitato ringrazia Sinistra italiana per la sua adesione e il suo impegno, che conferma come in occasioni del genere si abbattano gli steccati e le barriere politiche - conclude Frongia. Anche per noi, come si dice nel comunicato di SI, l'auspicio \u00e8 che \"le pari opportunit\u00e0 siano la piattaforma da cui ripartire perch\u00e9 si attuino pienamente\u00a0la Costituzione e i valori che hanno dato vita all\u2019Unione Europea\".<\/p>\n","protected":false},"excerpt":{"rendered":"<p>Cagliari, 4 Sett 2018 &#8211; &#8220;Domenica 9 settembre si chiude ufficialmente la raccolta firme. Dopodich\u00e9 la battaglia si sposter\u00e0 in Parlamento\u201d. Cos\u00ec il presidente del&#8230;<\/p>\n","protected":false},"author":2,"featured_media":115932,"comment_status":"closed","ping_status":"closed","sticky":false,"template":"","format":"standard","meta":[],"categories":[49,51,52],"tags":[],"_links":{"self":[{"href":"https:\/\/www.cronacaonline.it\/index.php\/wp-json\/wp\/v2\/posts\/164126"}],"collection":[{"href":"https:\/\/www.cronacaonline.it\/index.php\/wp-json\/wp\/v2\/posts"}],"about":[{"href":"https:\/\/www.cronacaonline.it\/index.php\/wp-json\/wp\/v2\/types\/post"}],"author":[{"embeddable":true,"href":"https:\/\/www.cronacaonline.it\/index.php\/wp-json\/wp\/v2\/users\/2"}],"replies":[{"embeddable":true,"href":"https:\/\/www.cronacaonline.it\/index.php\/wp-json\/wp\/v2\/comments?post=164126"}],"version-history":[{"count":0,"href":"https:\/\/www.cronacaonline.it\/index.php\/wp-json\/wp\/v2\/posts\/164126\/revisions"}],"wp:featuredmedia":[{"embeddable":true,"href":"https:\/\/www.cronacaonline.it\/index.php\/wp-json\/"}],"wp:attachment":[{"href":"https:\/\/www.cronacaonline.it\/index.php\/wp-json\/wp\/v2\/media?parent=164126"}],"wp:term":[{"taxonomy":"category","embeddable":true,"href":"https:\/\/www.cronacaonline.it\/index.php\/wp-json\/wp\/v2\/categories?post=164126"},{"taxonomy":"post_tag","embeddable":true,"href":"https:\/\/www.cronacaonline.it\/index.php\/wp-json\/wp\/v2\/tags?post=164126"}],"curies":[{"name":"wp","href":"https:\/\/api.w.org\/{rel}","templated":true}]}}