{"id":164118,"date":"2018-09-04T16:09:29","date_gmt":"2018-09-04T14:09:29","guid":{"rendered":"http:\/\/www.cronacaonline.it\/public\/content\/?p=164118"},"modified":"2018-09-04T16:09:29","modified_gmt":"2018-09-04T14:09:29","slug":"internazionalizzazione-10-imprese-sarde-del-settore-lapideo-presenti-a-dubai-per-middle-east-stone-2018-ict-a-fine-settembre-missione-a-londra-per-alcune-delle-eccellenze-dellisola","status":"publish","type":"post","link":"https:\/\/www.cronacaonline.it\/index.php\/2018\/09\/04\/internazionalizzazione-10-imprese-sarde-del-settore-lapideo-presenti-a-dubai-per-middle-east-stone-2018-ict-a-fine-settembre-missione-a-londra-per-alcune-delle-eccellenze-dellisola\/","title":{"rendered":"Internazionalizzazione, 10 imprese sarde del settore lapideo presenti a Dubai per Middle East Stone 2018. Ict, a fine settembre missione a Londra per alcune delle eccellenze dell\u2019isola"},"content":{"rendered":"<p>Cagliari, 4 Sett 2018\u00a0\u2013 Proseguono, grazie al sostegno dell\u2019Assessorato dell\u2019Industria, le missioni all\u2019estero delle aziende sarde in cerca di nuovi mercati. In questi giorni, dieci imprese del settore lapideo partecipano a Dubai a Middle East Stone, la pi\u00f9 grande fiera commerciale annuale del Medio Oriente dedicata all'industria della pietra naturale, del marmo e della ceramica. La missione, inserita nell\u2019ambito delle attivit\u00e0 previste dal Programma triennale per l\u2019internazionalizzazione, consente alle aziende sarde di acquisire visibilit\u00e0 rispetto a un mercato che, dopo anni di crisi, ha ripreso vigore. Tutti gli indicatori, infatti, segnalano un forte interesse per i prodotti di pietre naturali e lapidei italiani da parte del mercato delle costruzioni e dei materiali per l\u2019edilizia dei Paesi arabi. Il gruppo di aziende sarde, provenienti da Orosei, Buddus\u00f2, Arzachena e Tempio, \u00e8 ospitato in uno stand di 100 metri quadri allestito con il supporto di ICE Agenzia. L\u2019iniziativa, del costo pari a 120 mila euro, \u00e8 stata preceduta da un corso di formazione, svoltosi a Orosei e Buddus\u00f2 nel maggio scorso, e da una ricerca di mercato distribuita alle aziende partecipanti con i dati principali del mercato arabo e delle prospettive di sviluppo.<\/p>\n<p>\u201cLa Sardegna \u00e8 tra le regioni italiane che pi\u00f9 ha investito in questi ultimi anni nei piani di internazionalizzazione\u201d, afferma l\u2019assessora dell\u2019Industria, Maria Grazia Piras. \u201cLo dicono i dati di ICE Agenzia: nel 2017 la Sardegna \u00e8 al terzo posto in Italia, dopo Toscana e Trentino Alto Adige, per spendita di risorse, pari a 10 milioni di euro, a sostegno dell\u2019Internazionalizzazione. Con il programma triennale da 16 milioni di euro, aggiornato di recente fino al 2020, abbiamo accompagnato oltre 600 imprese alla conquista di nuovi mercati esteri attraverso incentivi, attivit\u00e0 di formazione, servizi, incontri B2B, missioni all\u2019estero mirate e iniziative per le imprese dell\u2019agroalimentare e dell\u2019ICT. Anche grazie alle nostre politiche \u2013 aggiunge l\u2019assessora Piras \u2013 l\u2019export isolano, come sottolineato dai rilevamenti statistici, \u00e8 in netto miglioramento. Segno che la strada \u00e8 quella giusta e che dobbiamo continuare a percorrerla\u201d.<\/p>\n<p>Il prossimo appuntamento \u00e8 un Boot Camp che si terr\u00e0 a Londra dal 23 al 28 settembre e si concluder\u00e0 con una giornata di presentazione del sistema Sardegna in favore delle imprese innovative. L\u2019evento si articoler\u00e0 in 4 giornate lavorative che prevedono la presentazione delle start up dell\u2019Isola agli investitori internazionali, un\u2019attivit\u00e0 di mentoring individuale a opera di consulenti selezionati, la visita a spazi di co-working, acceleratori e aziende del settore tecnologico, la partecipazione a manifestazioni dedicate e altre attivit\u00e0 per far conoscere meglio al mercato britannico le potenzialit\u00e0 offerte dalle imprese sarde. Vi parteciperanno aziende dei settori ICT, cultura e ambiente, reti intelligenti per la gestione efficiente dell\u2019energia, agritech e foodtech, biomedicina, aerospazio, tecnologia e innovazione finanziaria.<\/p>\n","protected":false},"excerpt":{"rendered":"<p>Cagliari, 4 Sett 2018\u00a0\u2013 Proseguono, grazie al sostegno dell\u2019Assessorato dell\u2019Industria, le missioni all\u2019estero delle aziende sarde in cerca di nuovi mercati. In questi giorni, dieci&#8230;<\/p>\n","protected":false},"author":2,"featured_media":164119,"comment_status":"closed","ping_status":"closed","sticky":false,"template":"","format":"standard","meta":[],"categories":[49,51,52],"tags":[],"_links":{"self":[{"href":"https:\/\/www.cronacaonline.it\/index.php\/wp-json\/wp\/v2\/posts\/164118"}],"collection":[{"href":"https:\/\/www.cronacaonline.it\/index.php\/wp-json\/wp\/v2\/posts"}],"about":[{"href":"https:\/\/www.cronacaonline.it\/index.php\/wp-json\/wp\/v2\/types\/post"}],"author":[{"embeddable":true,"href":"https:\/\/www.cronacaonline.it\/index.php\/wp-json\/wp\/v2\/users\/2"}],"replies":[{"embeddable":true,"href":"https:\/\/www.cronacaonline.it\/index.php\/wp-json\/wp\/v2\/comments?post=164118"}],"version-history":[{"count":0,"href":"https:\/\/www.cronacaonline.it\/index.php\/wp-json\/wp\/v2\/posts\/164118\/revisions"}],"wp:featuredmedia":[{"embeddable":true,"href":"https:\/\/www.cronacaonline.it\/index.php\/wp-json\/wp\/v2\/media\/164119"}],"wp:attachment":[{"href":"https:\/\/www.cronacaonline.it\/index.php\/wp-json\/wp\/v2\/media?parent=164118"}],"wp:term":[{"taxonomy":"category","embeddable":true,"href":"https:\/\/www.cronacaonline.it\/index.php\/wp-json\/wp\/v2\/categories?post=164118"},{"taxonomy":"post_tag","embeddable":true,"href":"https:\/\/www.cronacaonline.it\/index.php\/wp-json\/wp\/v2\/tags?post=164118"}],"curies":[{"name":"wp","href":"https:\/\/api.w.org\/{rel}","templated":true}]}}