{"id":164108,"date":"2018-09-04T14:07:49","date_gmt":"2018-09-04T12:07:49","guid":{"rendered":"http:\/\/www.cronacaonline.it\/public\/content\/?p=164108"},"modified":"2018-09-04T14:07:49","modified_gmt":"2018-09-04T12:07:49","slug":"giovane-21enne-arrestato-dai-carabinieri-della-stazione-di-selargius-per-detenzione-ai-fini-di-spaccio-di-stupefacenti","status":"publish","type":"post","link":"https:\/\/www.cronacaonline.it\/index.php\/2018\/09\/04\/giovane-21enne-arrestato-dai-carabinieri-della-stazione-di-selargius-per-detenzione-ai-fini-di-spaccio-di-stupefacenti\/","title":{"rendered":"Giovane 21enne arrestato dai carabinieri della Stazione di Selargius per detenzione ai fini di spaccio di stupefacenti."},"content":{"rendered":"<p>Selargius (Ca), 4 Sett 2018 - Questa mattina a Selargius, i carabinieri della Stazione della citt\u00e0, a conclusione di un mirato servizio antidroga, hanno arrestato per detenzione ai fini di spaccio di sostanze stupefacenti, Gabriele Sitzia, 21 anni, disoccupato del posto.<\/p>\n<p>I militari, a termine di perquisizione personale e domiciliare, hanno rinvenuto nella disponibilit\u00e0 del ragazzo 420 grammi circa di marijuana, 1920 euro in contanti, probabile provento dell\u2019attivit\u00e0 illecita, materiale per il taglio e confezionamento dello stupefacente.<\/p>\n<p>Quindi il giovane terminate le formalit\u00e0 di rito, \u00e8 stato riaccompagnato nella sua abitazione dove rimarr\u00e0 in regine di arresti domiciliari in attesa della direttissima prevista per il 5 settembre prossimo.<\/p>\n","protected":false},"excerpt":{"rendered":"<p>Selargius (Ca), 4 Sett 2018 &#8211; Questa mattina a Selargius, i carabinieri della Stazione della citt\u00e0, a conclusione di un mirato servizio antidroga, hanno arrestato&#8230;<\/p>\n","protected":false},"author":2,"featured_media":164109,"comment_status":"closed","ping_status":"closed","sticky":false,"template":"","format":"standard","meta":[],"categories":[49,51],"tags":[],"_links":{"self":[{"href":"https:\/\/www.cronacaonline.it\/index.php\/wp-json\/wp\/v2\/posts\/164108"}],"collection":[{"href":"https:\/\/www.cronacaonline.it\/index.php\/wp-json\/wp\/v2\/posts"}],"about":[{"href":"https:\/\/www.cronacaonline.it\/index.php\/wp-json\/wp\/v2\/types\/post"}],"author":[{"embeddable":true,"href":"https:\/\/www.cronacaonline.it\/index.php\/wp-json\/wp\/v2\/users\/2"}],"replies":[{"embeddable":true,"href":"https:\/\/www.cronacaonline.it\/index.php\/wp-json\/wp\/v2\/comments?post=164108"}],"version-history":[{"count":0,"href":"https:\/\/www.cronacaonline.it\/index.php\/wp-json\/wp\/v2\/posts\/164108\/revisions"}],"wp:featuredmedia":[{"embeddable":true,"href":"https:\/\/www.cronacaonline.it\/index.php\/wp-json\/wp\/v2\/media\/164109"}],"wp:attachment":[{"href":"https:\/\/www.cronacaonline.it\/index.php\/wp-json\/wp\/v2\/media?parent=164108"}],"wp:term":[{"taxonomy":"category","embeddable":true,"href":"https:\/\/www.cronacaonline.it\/index.php\/wp-json\/wp\/v2\/categories?post=164108"},{"taxonomy":"post_tag","embeddable":true,"href":"https:\/\/www.cronacaonline.it\/index.php\/wp-json\/wp\/v2\/tags?post=164108"}],"curies":[{"name":"wp","href":"https:\/\/api.w.org\/{rel}","templated":true}]}}