{"id":164106,"date":"2018-09-04T14:01:46","date_gmt":"2018-09-04T12:01:46","guid":{"rendered":"http:\/\/www.cronacaonline.it\/public\/content\/?p=164106"},"modified":"2018-09-04T14:01:46","modified_gmt":"2018-09-04T12:01:46","slug":"funerali-todini-ganau-un-atto-gravissimo-che-non-puo-lasciarci-indifferenti","status":"publish","type":"post","link":"https:\/\/www.cronacaonline.it\/index.php\/2018\/09\/04\/funerali-todini-ganau-un-atto-gravissimo-che-non-puo-lasciarci-indifferenti\/","title":{"rendered":"Funerali Todini, Ganau:\u00a0\u201cUn atto gravissimo che non pu\u00f2 lasciarci indifferenti\u201d"},"content":{"rendered":"<p>Cagliari, 4 Sett 2018 \u2013\u00a0\u00abQuanto \u00e8 accaduto a Sassari \u00e8 inaccettabile e non possiamo rimanere indifferenti, n\u00e9 come rappresentanti delle istituzioni, n\u00e9 come semplici cittadini\u00bb.<\/p>\n<p>Il presidente del Consiglio regionale, Gianfranco Ganau interviene in merito a quanto \u00e8 accaduto a Sassari sabato scorso al termine dei funerali del professor Giampiero Todini, celebrati nella chiesa di San Giuseppe.<\/p>\n<p>\u00abUn atto gravissimo, evidente apologia del fascismo, che non pu\u00f2 essere tollerato. Sono indignato e preoccupato\u00a0\u2013 aggiunge il presidente \u2013\u00a0e spero un pronto intervento da parte delle autorit\u00e0 competenti in grado di identificare i responsabili.\u00a0Il fascismo \u00e8 stato un periodo tristissimo della nostra storia dove le libert\u00e0 pi\u00f9 elementari erano vietate. \u00c8 stato sconfitto definitivamente dalla lotta della Resistenza che ha consegnato l'Italia ai valori democratici di cui andiamo fieri e di cui non possiamo che esserne orgogliosi. Purtroppo\u00a0\u2013 conclude - il clima che stiamo vivendo di grave intolleranza facilita questi rigurgiti. Un atto del genere non pu\u00f2 passare sotto silenzio, \u00e8 un reato contro la nostra Costituzione e non pu\u00f2 che essere ignorato\u00bb.<\/p>\n","protected":false},"excerpt":{"rendered":"<p>Cagliari, 4 Sett 2018 \u2013\u00a0\u00abQuanto \u00e8 accaduto a Sassari \u00e8 inaccettabile e non possiamo rimanere indifferenti, n\u00e9 come rappresentanti delle istituzioni, n\u00e9 come semplici cittadini\u00bb.&#8230;<\/p>\n","protected":false},"author":2,"featured_media":28989,"comment_status":"closed","ping_status":"closed","sticky":false,"template":"","format":"standard","meta":[],"categories":[49,51,52],"tags":[],"_links":{"self":[{"href":"https:\/\/www.cronacaonline.it\/index.php\/wp-json\/wp\/v2\/posts\/164106"}],"collection":[{"href":"https:\/\/www.cronacaonline.it\/index.php\/wp-json\/wp\/v2\/posts"}],"about":[{"href":"https:\/\/www.cronacaonline.it\/index.php\/wp-json\/wp\/v2\/types\/post"}],"author":[{"embeddable":true,"href":"https:\/\/www.cronacaonline.it\/index.php\/wp-json\/wp\/v2\/users\/2"}],"replies":[{"embeddable":true,"href":"https:\/\/www.cronacaonline.it\/index.php\/wp-json\/wp\/v2\/comments?post=164106"}],"version-history":[{"count":0,"href":"https:\/\/www.cronacaonline.it\/index.php\/wp-json\/wp\/v2\/posts\/164106\/revisions"}],"wp:featuredmedia":[{"embeddable":true,"href":"https:\/\/www.cronacaonline.it\/index.php\/wp-json\/"}],"wp:attachment":[{"href":"https:\/\/www.cronacaonline.it\/index.php\/wp-json\/wp\/v2\/media?parent=164106"}],"wp:term":[{"taxonomy":"category","embeddable":true,"href":"https:\/\/www.cronacaonline.it\/index.php\/wp-json\/wp\/v2\/categories?post=164106"},{"taxonomy":"post_tag","embeddable":true,"href":"https:\/\/www.cronacaonline.it\/index.php\/wp-json\/wp\/v2\/tags?post=164106"}],"curies":[{"name":"wp","href":"https:\/\/api.w.org\/{rel}","templated":true}]}}