{"id":164031,"date":"2018-09-02T08:55:57","date_gmt":"2018-09-02T06:55:57","guid":{"rendered":"http:\/\/www.cronacaonline.it\/public\/content\/?p=164031"},"modified":"2018-09-02T08:55:57","modified_gmt":"2018-09-02T06:55:57","slug":"conti-pubblici-tria-impegni-con-lue-vanno-rispettati-convinceremo-agenzie-rating-con-i-fatti","status":"publish","type":"post","link":"https:\/\/www.cronacaonline.it\/index.php\/2018\/09\/02\/conti-pubblici-tria-impegni-con-lue-vanno-rispettati-convinceremo-agenzie-rating-con-i-fatti\/","title":{"rendered":"Conti pubblici, Tria: &#8220;Impegni con l&#8217;Ue vanno rispettati. Convinceremo agenzie rating con i fatti&#8221;"},"content":{"rendered":"<p>Roma, 2 Sett 2018 - \"Tra poco non ci sar\u00e0 pi\u00f9 il problema di convincere su azioni future, ma ci saranno le azioni\" per convincere le agenzie di rating: lo ha assicurato il ministro dell'Economia, Giovanni Tria, nel corso di un incontro con la stampa italiana a Shanghai, in risposta a una domanda sulla revisione, da stabile a negativo, dell'outlook sul debito italiano operato dall'agenzia di rating Fitch<\/p>\n<p>\"Il mantenimento del rating, come il rinvio del giudizio da parte di Moody's, significa che le agenzie di rating stanno aspettando le azioni del governo\". Tria ha proseguito aggiungendo che \"poich\u00e9 il programma di governo che si sta mettendo a punto risponde alle linee che sono gi\u00e0 state pi\u00f9 volte espresse ufficialmente, sia dal presidente del Consiglio che da me, sia in giugno che ad agosto, evidentemente questo non ha convinto perch\u00e9 erano dichiarazioni\".<\/p>\n<p>Con l'arrivo dei documenti ufficiali del governo, \"penso che questi giudizi verranno corretti e verranno corretti in senso positivo\", poich\u00e9 \"sono giudizi che non si basano su situazioni di fatto, ma si basano su attribuzioni di intenzioni al governo, che evidentemente differiscono dalle intenzioni dichiarate dal governo\". Tria ha poi proseguito chiarendo che di non volere esprimere \"nessuna critica\" alle agenzie di rating che \"molto correttamente hanno sospeso il loro giudizio in attesa di vedere i fatti\".<\/p>\n<p>Il ministro dell'Economia e delle Finanze Giovanni Tria dissente da alcuni \"titoli sui giornali\" il cui allarmismo \"distrae\" i mercati internazionali che \"pensano che in Italia ci sia la finanza allegra\". Come ricordato nelle \"non tante interviste rilasciate, sono venti anni che l'Italia ha un surplus primario ed \u00e8 un caso unico in Europa.<\/p>\n<p>Abbiamo un debito che viene da lontano: non c'\u00e8 finanza allegra\", ha detto il ministro.\u00a0\"Abbiamo impegni europei e vanno rispettati, ma essenzialmente dipendono dai rapporti con i mercati finanziari, che non \u00e8 una dichiarazione astratta\". Conclude Tria a Shanghai.<\/p>\n<p>\"Non mi risulta ci siano impegni nuovi dell'Italia rispetto all'Ue, tranne quelli che devono essere contrattati: sul futuro cominceremo a discutere marted\u00ec, con la riunione della Lega. E poi vedremo il da farsi\". Claudio Borghi, presidente della Commissione Bilancio della Camera, commenta cos\u00ec le parole del ministro Tria. \"Nessuno pensa di fare cose strane ma discuteremo come muoverci per il bene dell'economia italiana, e non siamo soli a volerlo\", conclude.<\/p>\n<p>\"Il deficit significa chiedere prestiti e chiedere prestiti \u00e8 anche una cosa legittima ma bisogna trovare chi il prestito \u00e8 disposto a darlo e a quali \", precisa il ministro. L'agenzia Fitch conferma il rating BBB dell'Italia ma rivede al ribasso l'outlook da 'stabile ' a 'negativo'.<\/p>\n<p>Il debito pubblico dell'Italia rimarr\u00e0 ''molto elevato'', lasciando il paese ''pi\u00f9 esposto a potenziali shock'' afferma l'agenzia di rating, sottolineando, fra le criticit\u00e0, la ''natura nuova e non collaudata del governo, le considerevoli differenze politiche fra i partner della coalizione e le contraddizioni fra gli elevati costi dell'attuazione degli impegni presi nel 'Contratto' e l'obiettivo di ridurre il debito pubblico. Non \u00e8 chiaro come queste tensioni politiche saranno risolte''.\u00a0E se le probabilit\u00e0 che l'Italia esca dell'Unione europea o che venga creata \"una moneta parallela\" all'euro \"sono basse\", secondo l'agenzia \"aumentano dal 2019 le chance di un voto anticipato\".<\/p>\n<p>\"L'agenzia Fitch lascia invariato il suo rating sul debito italiano. Riteniamo questa valutazione ampiamente giustificata alla luce delle attuali condizioni della nostra economia. Ovviamente c'\u00e8 attesa che venga definito il Documento di economia e finanza del governo e che gli impegni di bilancio per il prossimo anno siano rispettati e le riforme strutturali gi\u00e0 annunciate siano attuate\". E' quanto si apprende da fonti di Palazzo Chigi.<\/p>\n<p>\"Siamo certi che ci saranno valutazioni integralmente positive- aggiunge Palazzo Chigi- senza alcuna riserva, non appena questi impegni verranno ufficializzati nel Def in preparazione che confermer\u00e0 l'impegno a proseguire nel percorso di riduzione del debito italiano, come peraltro gi\u00e0 pi\u00f9 volte comunicato, a realizzare efficaci prospettive di crescita economica e di sviluppo sociale del Paese\".<\/p>\n","protected":false},"excerpt":{"rendered":"<p>Roma, 2 Sett 2018 &#8211; &#8220;Tra poco non ci sar\u00e0 pi\u00f9 il problema di convincere su azioni future, ma ci saranno le azioni&#8221; per convincere&#8230;<\/p>\n","protected":false},"author":2,"featured_media":164032,"comment_status":"closed","ping_status":"closed","sticky":false,"template":"","format":"standard","meta":[],"categories":[49,51],"tags":[],"_links":{"self":[{"href":"https:\/\/www.cronacaonline.it\/index.php\/wp-json\/wp\/v2\/posts\/164031"}],"collection":[{"href":"https:\/\/www.cronacaonline.it\/index.php\/wp-json\/wp\/v2\/posts"}],"about":[{"href":"https:\/\/www.cronacaonline.it\/index.php\/wp-json\/wp\/v2\/types\/post"}],"author":[{"embeddable":true,"href":"https:\/\/www.cronacaonline.it\/index.php\/wp-json\/wp\/v2\/users\/2"}],"replies":[{"embeddable":true,"href":"https:\/\/www.cronacaonline.it\/index.php\/wp-json\/wp\/v2\/comments?post=164031"}],"version-history":[{"count":0,"href":"https:\/\/www.cronacaonline.it\/index.php\/wp-json\/wp\/v2\/posts\/164031\/revisions"}],"wp:featuredmedia":[{"embeddable":true,"href":"https:\/\/www.cronacaonline.it\/index.php\/wp-json\/wp\/v2\/media\/164032"}],"wp:attachment":[{"href":"https:\/\/www.cronacaonline.it\/index.php\/wp-json\/wp\/v2\/media?parent=164031"}],"wp:term":[{"taxonomy":"category","embeddable":true,"href":"https:\/\/www.cronacaonline.it\/index.php\/wp-json\/wp\/v2\/categories?post=164031"},{"taxonomy":"post_tag","embeddable":true,"href":"https:\/\/www.cronacaonline.it\/index.php\/wp-json\/wp\/v2\/tags?post=164031"}],"curies":[{"name":"wp","href":"https:\/\/api.w.org\/{rel}","templated":true}]}}