{"id":164017,"date":"2018-09-01T15:48:43","date_gmt":"2018-09-01T13:48:43","guid":{"rendered":"http:\/\/www.cronacaonline.it\/public\/content\/?p=164017"},"modified":"2018-09-01T15:48:43","modified_gmt":"2018-09-01T13:48:43","slug":"i-shardana-la-grande-opera-lirica-di-ennio-porrino-venerdi-7-settembre-allanfiteatro-tharros-or-in-forma-semiscenica-nella-versione-per-canto-e-pianoforte","status":"publish","type":"post","link":"https:\/\/www.cronacaonline.it\/index.php\/2018\/09\/01\/i-shardana-la-grande-opera-lirica-di-ennio-porrino-venerdi-7-settembre-allanfiteatro-tharros-or-in-forma-semiscenica-nella-versione-per-canto-e-pianoforte\/","title":{"rendered":"&#8220;I Shardana&#8221;, la grande opera lirica di Ennio Porrino, venerd\u00ec 7 settembre all&#8217;Anfiteatro Tharros (OR) in forma semiscenica nella versione per canto e pianoforte."},"content":{"rendered":"<p>Cagliari, 1 Sett 2018 - Dopo cinque anni di silenzio,\u00a0I Shardana, la grande opera lirica del compositore cagliaritano\u00a0Ennio Porrino\u00a0(1910-1959), ritorna in Sardegna, nell'incantevole scenario di\u00a0Tharros, nell'<a href=\"http:\/\/www.anfiteatrotharros.it\/\">anfiteatro all'aperto<\/a>\u00a0allestito nei pressi del sito archeologico sulla penisola del Sinis, nel territorio del Comune di Cabras (OR). Il dramma musicale in tre atti verr\u00e0 proposto\u00a0venerd\u00ec 7 settembre\u00a0in\u00a0forma semiscenica\u00a0nella versione per\u00a0canto e pianoforte\u00a0interpretata da\u00a0Alessandro Frabotta\u00a0(basso),\u00a0Martina Serra\u00a0(mezzosoprano),\u00a0Giampaolo Ledda\u00a0(tenore),\u00a0Rossana Cardia\u00a0(soprano),\u00a0Gionata Gilio\u00a0(baritono) e\u00a0Moreno Patteri, con\u00a0Stefano Cocco\u00a0al pianoforte e la voce recitante di\u00a0Fulvio Venturi, che firma la direzione artistica insieme a\u00a0Giovanni Masala Dess\u00ec.<br \/>\nL'evento, con inizio\u00a0alle 21, \u00e8 organizzato e finanziato da\u00a0Pietro Casula\u00a0e dalla casa editrice\u00a0Giovanni Masala Verlag\u00a0(<a href=\"https:\/\/sardinnia.de\/\">www.sardinnia.it<\/a>), in collaborazione con l'associazione culturale\u00a0Dromos\u00a0di Oristano. I\u00a0biglietti\u00a0d'ingresso, a\u00a015 euro\u00a0(pi\u00f9 diritti di prevendita), si possono acquistare online e nei\u00a0<a href=\"http:\/\/www.boxofficesardegna.it\/C2\/Content.aspx\/Punti_Vendita\/\">punti vendita<\/a>\u00a0del circuito\u00a0<a href=\"http:\/\/www.boxofficesardegna.it\/\">Box Office Sardegna<\/a>\u00a0(<a href=\"http:\/\/www.boxofficesardegna.it\/\">www.boxofficesardegna.it<\/a>; tel. 070657428).<br \/>\nI Shardana\u00a0\u00e8 una delle opere liriche pi\u00f9 affascinanti del Novecento. Rappresentata per la prima volta al San Carlo di Napoli il 21 marzo del 1959, sotto la direzione dello stesso Ennio Porrino, e al Teatro Massimo di Cagliari il 18 marzo 1960, venne accolta trionfalmente e, tuttavia, subito dimenticata, sebbene il musicologo tedesco Felix Karlinger, nell'enciclopedia tedesca\u00a0Musik in Geschichte und Gegenwart, l'abbia definita nel 1962 \"la pi\u00f9 importante opera lirica italiana di questo dopoguerra\". Dopo essere stata tenuta nel \"cassetto\" per cinquant'anni, fu riproposta a Cagliari nel febbraio del 2010, in forma di concerto, e nel settembre del 2013 al Teatro Lirico del capoluogo sardo in forma scenica.<br \/>\n<img loading=\"lazy\" class=\"alignnone size-medium wp-image-164019 alignleft\" src=\"http:\/\/www.cronacaonline.it\/public\/content\/wp-content\/uploads\/2018\/09\/Ennio-Porrino-219x300.jpg\" alt=\"Ennio Porrino\" width=\"219\" height=\"300\" \/>I Shardana\u00a0\u00e8 opera musicalmente eclettica con i suoi rimandi a Respighi, a Puccini, a Carl Orff e a Stravinskij - riletti con un linguaggio omogeneo e personale tipico di Porrino - e ripercorre altres\u00ec in alcuni passaggi i modi propri del canto tradizionale sardo. La storia \u00e8 ambientata in una Sardegna immaginaria di et\u00e0 nuragica e narra della lotta, cupa e tragica, tra i Sardi e gli invasori d'oltremare, con accenti quasi barbarici.<br \/>\nEnnio Porrino nasce a Cagliari il 20 gennaio 1910. Nel 1951 diventer\u00e0 professore ordinario della cattedra di composizione del Conservatorio Santa Cecilia di Roma e, dal 1956, direttore del Conservatorio di Cagliari e direttore artistico dell'Ente Lirico e dell'Istituzione dei Concerti. \"L'opera di Porrino, eccellente quant'altra mai nell'ambito della produzione musicale italiana d'oggi, costituisce come un ponte ideale tra la musica popolare della sua terra e le tendenze e le esigenze dell'arte musicale moderna. E anche se primo comandamento di un musicologo \u00e8 quello di evitare i superlativi, \u00e8 ben vero che dopo Puccini nessun musicista ha dato alla musica italiana tanto quanto Porrino\" (Felix Karlinger, 1962).<br \/>\nIl grande musicologo tedesco, che nel 1959 si rec\u00f2 al Teatro San Carlo di Napoli per assistere all'opera e per conoscere personalmente Porrino, al suo rientro in Germania scrisse inoltre che \"Se Monaco avesse la fortuna di venir cantata da un'opera come questa, sono certo che nei festival operistici della mia citt\u00e0 le sarebbe riservato ogni anno il posto d'onore (Felix Karlinger, Monaco di Baviera 1960)\". Karlinger, professore di musicologia a Monaco di Baviera e in seguito ordinario di filologia romanza all'universit\u00e0 tenne annualmente, fino alla sua morte (2000), un corso monografico dedicato alla figura del grande compositore sardo e fece trasmettere in diverse emittenti radio tedesche e austriache le musiche del Maestro sardo.<br \/>\nPorrino compose diverse sinfonie eseguite in tutto il mondo e dirette anche dal maestro Leopold Stokowski (Sardegna,\u00a0Nuraghi,\u00a0Sonar per musici\u00a0e\u00a0Concerto dell'Argentarola), quattro opere liriche (I Shardana,\u00a0Gli Orazi,\u00a0L'organo di bamb\u00f9\u00a0ed\u00a0Esculapio al neon), quattro balletti (Mondo tondo,\u00a0Altair,\u00a0Pros\u00e8rpina\u00a0e\u00a0La bambola malata), un celebre oratorio (Il processo di Cristo) e decine di brani di musica da camera di cui i pi\u00f9 famosi e maggiormente eseguiti in Italia e all'estero sono\u00a0I Canti della schiavit\u00f9,\u00a0I Canti dell'esilio,\u00a0Sonata drammatica,\u00a0Ostinato,\u00a0Traccas,\u00a0La processione di Sant'Efisio,\u00a0Disispirata di Aggius,\u00a0Canzone a ballo\u00a0ecc.<br \/>\nI Shardana, Dramma musicale in tre atti, testo e musica di Ennio Porrino (1910-1959)<br \/>\nDirettore artistico: Fulvio Venturi \/ Giovanni Masala Dess\u00ec.<br \/>\nPer canto e pianoforte, in forma semiscenica<br \/>\nGonnario di Montalba, capo del popolo sardo (basso: Alessandro Frabotta)<br \/>\nNibatta, moglie di Gonnario (mezzosoprano: Martina Serra)<br \/>\nTorbeno di Montalba, suo figlio minore (tenore: Giampaolo Ledda)<br \/>\nB\u00e8rbera Jonia, giovine straniera (soprano: Rossana Cardia)<br \/>\nNorace di Nora, condottiero dei marinai sardi (baritono: Gionata Gilio)<br \/>\nperdu, il guerriero cantore (tenore: Moreno Patteri).<br \/>\nAl pianoforte: Stefano Cocco, Voce recitante: Fulvio Venturi. Com<\/p>\n","protected":false},"excerpt":{"rendered":"<p>Cagliari, 1 Sett 2018 &#8211; Dopo cinque anni di silenzio,\u00a0I Shardana, la grande opera lirica del compositore cagliaritano\u00a0Ennio Porrino\u00a0(1910-1959), ritorna in Sardegna, nell&#8217;incantevole scenario di\u00a0Tharros,&#8230;<\/p>\n","protected":false},"author":2,"featured_media":164018,"comment_status":"closed","ping_status":"closed","sticky":false,"template":"","format":"standard","meta":[],"categories":[49,51,54],"tags":[],"_links":{"self":[{"href":"https:\/\/www.cronacaonline.it\/index.php\/wp-json\/wp\/v2\/posts\/164017"}],"collection":[{"href":"https:\/\/www.cronacaonline.it\/index.php\/wp-json\/wp\/v2\/posts"}],"about":[{"href":"https:\/\/www.cronacaonline.it\/index.php\/wp-json\/wp\/v2\/types\/post"}],"author":[{"embeddable":true,"href":"https:\/\/www.cronacaonline.it\/index.php\/wp-json\/wp\/v2\/users\/2"}],"replies":[{"embeddable":true,"href":"https:\/\/www.cronacaonline.it\/index.php\/wp-json\/wp\/v2\/comments?post=164017"}],"version-history":[{"count":0,"href":"https:\/\/www.cronacaonline.it\/index.php\/wp-json\/wp\/v2\/posts\/164017\/revisions"}],"wp:featuredmedia":[{"embeddable":true,"href":"https:\/\/www.cronacaonline.it\/index.php\/wp-json\/wp\/v2\/media\/164018"}],"wp:attachment":[{"href":"https:\/\/www.cronacaonline.it\/index.php\/wp-json\/wp\/v2\/media?parent=164017"}],"wp:term":[{"taxonomy":"category","embeddable":true,"href":"https:\/\/www.cronacaonline.it\/index.php\/wp-json\/wp\/v2\/categories?post=164017"},{"taxonomy":"post_tag","embeddable":true,"href":"https:\/\/www.cronacaonline.it\/index.php\/wp-json\/wp\/v2\/tags?post=164017"}],"curies":[{"name":"wp","href":"https:\/\/api.w.org\/{rel}","templated":true}]}}