{"id":163781,"date":"2018-08-27T20:28:22","date_gmt":"2018-08-27T18:28:22","guid":{"rendered":"http:\/\/www.cronacaonline.it\/public\/content\/?p=163781"},"modified":"2018-08-27T20:28:22","modified_gmt":"2018-08-27T18:28:22","slug":"assessore-caria-su-aras-individuato-nuovo-commissario-ed-ora-attendiamo-che-assemblea-associazione-si-attivi-per-nomina-nuova-figura","status":"publish","type":"post","link":"https:\/\/www.cronacaonline.it\/index.php\/2018\/08\/27\/assessore-caria-su-aras-individuato-nuovo-commissario-ed-ora-attendiamo-che-assemblea-associazione-si-attivi-per-nomina-nuova-figura\/","title":{"rendered":"Assessore Caria su Aras: individuato nuovo commissario ed ora attendiamo che assemblea associazione si attivi per nomina nuova figura"},"content":{"rendered":"<p>Cagliari, 27 Ago 2018\u00a0\u2013\u00a0\u201cCome annunciato qualche settimana fa, abbiamo individuato una figura di alto profilo professionale che possa fare da commissario straordinario per l\u2019Associazione regionale allevatori della Sardegna (Aras). La nuova figura dovr\u00e0 subentrare ai commissari, nominati lo scorso inverno dall\u2019Associazione italiana allevatori, che hanno di fatto accompagnato alla liquidazione il soggetto privato convenzionato con la Regione Sardegna per le prestazioni di assistenza nelle aziende zootecniche soprattutto per quanto riguarda la Misura 14 del Benessere degli animali.<\/p>\n<p>Ora attendiamo che l\u2019assemblea dell\u2019Aras, come da impegni presi dai suoi vertici che avevano dato la totale disponibilit\u00e0 a fare un passo indietro, si attivi per favorire al pi\u00f9 presto la nuova nomina cos\u00ec da mettere in moto tutto l\u2019iter di superamento delle criticit\u00e0 pi\u00f9 incombenti che riguardano innanzitutto la presentazione del report sulle prestazioni svolte dai dipendenti e quindi il trasferimento delle risorse per gli stipendi da parte dell\u2019Agenzia Laore Sardegna\u201d. Lo ha detto\u00a0oggi\u00a0l\u2019assessore dell\u2019Agricoltura, Pier Luigi Caria, che ha ricordato come \u201cla disponibilit\u00e0 della Regione a trovare le migliori soluzioni \u00e8 sempre massima sia nel confronto costante con il Governo per la ricollocazione del personale e sia con i tecnici Aras per le professionalit\u00e0 da garantire alle aziende sarde\u201d. Caria ha fatto quindi appello ai dipendenti dell\u2019Associazione, convenzionata con la Regione fino al 2020, affinch\u00e9 continuino ad assicurare le proprie prestazioni evitando di aumentare le difficolt\u00e0 su un tema gi\u00e0 di per s\u00e9 non facile. Red<\/p>\n","protected":false},"excerpt":{"rendered":"<p>Cagliari, 27 Ago 2018\u00a0\u2013\u00a0\u201cCome annunciato qualche settimana fa, abbiamo individuato una figura di alto profilo professionale che possa fare da commissario straordinario per l\u2019Associazione regionale&#8230;<\/p>\n","protected":false},"author":2,"featured_media":154262,"comment_status":"closed","ping_status":"closed","sticky":false,"template":"","format":"standard","meta":[],"categories":[49,51],"tags":[],"_links":{"self":[{"href":"https:\/\/www.cronacaonline.it\/index.php\/wp-json\/wp\/v2\/posts\/163781"}],"collection":[{"href":"https:\/\/www.cronacaonline.it\/index.php\/wp-json\/wp\/v2\/posts"}],"about":[{"href":"https:\/\/www.cronacaonline.it\/index.php\/wp-json\/wp\/v2\/types\/post"}],"author":[{"embeddable":true,"href":"https:\/\/www.cronacaonline.it\/index.php\/wp-json\/wp\/v2\/users\/2"}],"replies":[{"embeddable":true,"href":"https:\/\/www.cronacaonline.it\/index.php\/wp-json\/wp\/v2\/comments?post=163781"}],"version-history":[{"count":0,"href":"https:\/\/www.cronacaonline.it\/index.php\/wp-json\/wp\/v2\/posts\/163781\/revisions"}],"wp:featuredmedia":[{"embeddable":true,"href":"https:\/\/www.cronacaonline.it\/index.php\/wp-json\/wp\/v2\/media\/154262"}],"wp:attachment":[{"href":"https:\/\/www.cronacaonline.it\/index.php\/wp-json\/wp\/v2\/media?parent=163781"}],"wp:term":[{"taxonomy":"category","embeddable":true,"href":"https:\/\/www.cronacaonline.it\/index.php\/wp-json\/wp\/v2\/categories?post=163781"},{"taxonomy":"post_tag","embeddable":true,"href":"https:\/\/www.cronacaonline.it\/index.php\/wp-json\/wp\/v2\/tags?post=163781"}],"curies":[{"name":"wp","href":"https:\/\/api.w.org\/{rel}","templated":true}]}}