{"id":163669,"date":"2018-08-24T09:22:39","date_gmt":"2018-08-24T07:22:39","guid":{"rendered":"http:\/\/www.cronacaonline.it\/public\/content\/?p=163669"},"modified":"2018-08-24T09:22:39","modified_gmt":"2018-08-24T07:22:39","slug":"fotografia-anche-in-sardegna-confartigianato-seleziona-fotografi-professionisti-per-formare-la-nazionale-e-partecipare-alla-coppa-del-mondo-2019","status":"publish","type":"post","link":"https:\/\/www.cronacaonline.it\/index.php\/2018\/08\/24\/fotografia-anche-in-sardegna-confartigianato-seleziona-fotografi-professionisti-per-formare-la-nazionale-e-partecipare-alla-coppa-del-mondo-2019\/","title":{"rendered":"Fotografia \u2013 Anche in Sardegna Confartigianato seleziona fotografi professionisti per formare la Nazionale e partecipare alla Coppa del Mondo 2019."},"content":{"rendered":"<p>Cagliari, 24 Ago 2018 - Anche in Sardegna Confartigianato seleziona fotografi professionisti per organizzare la squadra Nazionale italiana e partecipare alla Coppa del Mondo Fotografica 2019, la cui premiazione si svolger\u00e0 a Drammen in Norvegia.<\/p>\n<p>La Federazione dei Fotografi Professionisti Europei (Fep) e la Professional Photographers of America (Ppa), organizzano la sesta edizione della Coppa del mondo fotografica (Wpc), competizione di grande successo, alla quale Confartigianato Fotografi ha sempre partecipato con la Nazionale italiana.<\/p>\n<p>Anche quest\u2019anno Confartigianato allestir\u00e0 la squadra con i propri associati, facendosi carico della quota di partecipazione all\u2019evento.<\/p>\n<p>I fotografi che comporranno la selezione gareggeranno per medaglie individuali mentre alla squadra nazionale che otterr\u00e0 complessivamente il punteggio pi\u00f9 alto sar\u00e0 assegnata la Coppa Mondiale Fotografica 2019.<\/p>\n<p>Le squadre saranno costituite da fotografi professionisti la cui cittadinanza \u00e8 quella del relativo Paese. Ogni squadra potr\u00e0 presentare fino a tre immagini (di tre fotografi diversi) per ciascuna categoria, tuttavia lo stesso fotografo potr\u00e0 essere presente in pi\u00f9 di una categoria.<\/p>\n<p>Le iscrizioni per la partecipazione alla Wpc 2019 sono gi\u00e0 aperte mentre per il prossimo 31 ottobre \u00e8 fissata la data entro cui i fotografi associati a Confartigianato in Sardegna devono inviare il materiale al Presidente Nazionale di Confartigianato Fotografi, Maurizio Besana, selezionatore e coordinatore dell\u2019iniziativa per l\u2019Italia. I lavori devono essere inviati a <a href=\"mailto:info@besanamaurizio.it\"><strong>info@besanamaurizio.it<\/strong><\/a>, indirizzo utilizzabile anche per informazioni. In ogni caso, per chiarimenti \u00e8 disponibile il numero 3356845227 mentre l\u2019intera nota informativa si trova <a href=\"http:\/\/www.sardegnaimpresa.it\"><strong>www.sardegnaimpresa.it<\/strong><\/a>.<\/p>\n<p>Non \u00e8 obbligatorio che un Paese presenti immagini per tutte le categorie quali matrimonio, ritratto, reportage e fotogiornalismo, illustrazione e arte digitale, commerciale (comprese le pubblicit\u00e0, moda industriale e architettura) e natura.<\/p>\n<p>Le immagini, in ogni caso, devono rispondere ai seguenti standard: Parametri: 4000 px sul lato pi\u00f9 lungo, Formati supportati: jpeg 10, Profilo inserito: Srgb o Adobe 98.<\/p>\n<p>Numerosi i premi che verranno messi a disposizione: si va da quelli individuali a quelli a squadre.<\/p>\n<p>Tra quelli individuali, ogni fotografo ed ogni squadra riceveranno il certificato digitale di partecipazione mentre le medaglie d\u2019oro, argento e bronzo saranno assegnate alla prima, seconda e terza immagine in ogni singola categoria.<\/p>\n<p>Per quelli a squadre, ogni finalista (i primi 10 fotografi in ogni categoria) attribuir\u00e0 al proprio Paese da 1 a 10 punti (dal decimo al primo posto). La \u201cCoppa del mondo 2019\u201d verr\u00e0 assegnata al Paese la cui squadra realizzer\u00e0 il punteggio complessivo pi\u00f9 alto. Alle squadre classificate al secondo e terzo posto sar\u00e0 consegnato un trofeo. Ogni membro della squadra migliore per ciascuna categoria ricever\u00e0 un attestato.<\/p>\n<p>Gli autori delle foto che dalla giuria riceveranno i voti pi\u00f9 alti, saranno invitati alla serata di premiazione che verr\u00e0 effettuata in Norvegia, l\u20198 aprile 2019.<\/p>\n<p>I dati sui fotografi professionisti in Sardegna parlano di un totale di 336 le imprese sarde. Ben 287 realt\u00e0 (l\u201982,7%) sono artigiane che per il 64,4% svolgono l\u2019attivit\u00e0 di riprese fotografiche e per il 35,8% opera in laboratori fotografici per lo sviluppo e la stampa.<\/p>\n<p>I dati sono dell\u2019Osservatorio Mpmi Confartigianato Sardegna su dati Istat, che ha analizzato il settore \u201cattivit\u00e0 fotografiche\u201d nell\u2019Isola. Com<\/p>\n","protected":false},"excerpt":{"rendered":"<p>Cagliari, 24 Ago 2018 &#8211; Anche in Sardegna Confartigianato seleziona fotografi professionisti per organizzare la squadra Nazionale italiana e partecipare alla Coppa del Mondo Fotografica&#8230;<\/p>\n","protected":false},"author":2,"featured_media":135223,"comment_status":"closed","ping_status":"closed","sticky":false,"template":"","format":"standard","meta":[],"categories":[49,51,53],"tags":[],"_links":{"self":[{"href":"https:\/\/www.cronacaonline.it\/index.php\/wp-json\/wp\/v2\/posts\/163669"}],"collection":[{"href":"https:\/\/www.cronacaonline.it\/index.php\/wp-json\/wp\/v2\/posts"}],"about":[{"href":"https:\/\/www.cronacaonline.it\/index.php\/wp-json\/wp\/v2\/types\/post"}],"author":[{"embeddable":true,"href":"https:\/\/www.cronacaonline.it\/index.php\/wp-json\/wp\/v2\/users\/2"}],"replies":[{"embeddable":true,"href":"https:\/\/www.cronacaonline.it\/index.php\/wp-json\/wp\/v2\/comments?post=163669"}],"version-history":[{"count":0,"href":"https:\/\/www.cronacaonline.it\/index.php\/wp-json\/wp\/v2\/posts\/163669\/revisions"}],"wp:featuredmedia":[{"embeddable":true,"href":"https:\/\/www.cronacaonline.it\/index.php\/wp-json\/wp\/v2\/media\/135223"}],"wp:attachment":[{"href":"https:\/\/www.cronacaonline.it\/index.php\/wp-json\/wp\/v2\/media?parent=163669"}],"wp:term":[{"taxonomy":"category","embeddable":true,"href":"https:\/\/www.cronacaonline.it\/index.php\/wp-json\/wp\/v2\/categories?post=163669"},{"taxonomy":"post_tag","embeddable":true,"href":"https:\/\/www.cronacaonline.it\/index.php\/wp-json\/wp\/v2\/tags?post=163669"}],"curies":[{"name":"wp","href":"https:\/\/api.w.org\/{rel}","templated":true}]}}