{"id":163551,"date":"2018-08-20T12:55:58","date_gmt":"2018-08-20T10:55:58","guid":{"rendered":"http:\/\/www.cronacaonline.it\/public\/content\/?p=163551"},"modified":"2018-08-20T12:55:58","modified_gmt":"2018-08-20T10:55:58","slug":"al-via-domani-a-nuoro-la-trentesima-edizione-dei-seminari-jazz","status":"publish","type":"post","link":"https:\/\/www.cronacaonline.it\/index.php\/2018\/08\/20\/al-via-domani-a-nuoro-la-trentesima-edizione-dei-seminari-jazz\/","title":{"rendered":"Al via\u00a0domani\u00a0a Nuoro la trentesima edizione dei Seminari jazz."},"content":{"rendered":"<p>Cagliari, 20 Ago 2018 - Suona la campanella, a\u00a0Nuoro, per i\u00a0<a href=\"http:\/\/www.entemusicalenuoro.it\/musica-jazz\/\">Seminari Jazz<\/a>, quest'anno al significativo traguardo della\u00a0trentesima edizione. La scuola civica di musica intitolata ad Antonietta Chironi, ideatrice e cofondatrice, insieme a Paolo Fresu, nel 1989, dell'iniziativa organizzata dall'<a href=\"http:\/\/www.entemusicalenuoro.it\/\">Ente Musicale di Nuoro<\/a>, apre i battenti\u00a0domani\u00a0(marted\u00ec 21 agosto) ad allievi e docenti, dopo che diversi appuntamenti hanno gi\u00e0 fatto da preludio all'avvio delle lezioni nei giorni precedenti.<br \/>\nI corsi hanno raggiunto con pi\u00f9 di un mese di anticipo il\u00a0numero massimo di iscritti: ben\u00a0152, provenienti anche dall'estero (in tutto sono dodici i paesi idealmente rappresentati). Ad attenderli nelle aule in via Mughina ci saranno gli insegnanti in cattedra da quattro edizioni a questa parte, cio\u00e8 da quando Paolo Fresu, dopo cinque lustri, ha passato il timone della\u00a0direzione artistica\u00a0a\u00a0<a href=\"https:\/\/www.robertocipelli.com\/\">Roberto Cipelli<\/a>, in cattedra fin dalla nascita dei seminari: con lo stesso pianista cremonese (teoria e armonia jazz le sue materie), ne fanno parte\u00a0<a href=\"http:\/\/www.emanuelecisi.it\/bio\/\">Emanuele Cisi<\/a>\u00a0(sassofono),\u00a0<a href=\"http:\/\/www.fulviosigurta.com\/New_Fu\/HOME.html\">Fulvio Sigurt\u00e0<\/a>\u00a0(tromba),\u00a0Francesca Corrias\u00a0(canto jazz e laboratorio vocale),\u00a0<a href=\"http:\/\/dadomoroni.net\/jazz\/index.php#\/start\/dado_moroni12.jpg\">Dado Moroni<\/a>\u00a0(pianoforte e tastiere),\u00a0<a href=\"http:\/\/www.marcellacarboni.com\/\">Marcella Carboni<\/a>\u00a0(arpa jazz),\u00a0<a href=\"http:\/\/www.maxdealoe.it\/\">Max De Aloe<\/a>\u00a0(armonica cromatica e fisarmonica),\u00a0<a href=\"https:\/\/www.facebook.com\/bebo.ferra\/\">Bebo Ferra<\/a>(chitarra),\u00a0Paolino Dalla Porta\u00a0(contrabbasso),\u00a0Salvatore Maltana\u00a0(basso elettrico),\u00a0Stefano Bagnoli\u00a0(batteria),\u00a0Salvatore Spano\u00a0(pianoforte e tastiere) e\u00a0<a href=\"https:\/\/www.enricomerlin.org\/\">Enrico Merlin<\/a>\u00a0(storia del jazz), pi\u00f9\u00a0<a href=\"http:\/\/www.angelolazzeri.it\/\">Angelo Lazzeri<\/a>, \"in prestito\" dal corpo docente dei corsi invernali per la classe di chitarra (una delle pi\u00f9 affollate insieme a quella di canto). Tutti musicisti di vaglia cos\u00ec come\u00a0<a href=\"http:\/\/peterbernsteinmusic.com\/\">Peter Bernstein<\/a>\u00a0e\u00a0<a href=\"http:\/\/www.paoloangeli.com\/\">Paolo Angeli<\/a>, titolari delle due masterclass che, come sempre, impreziosiscono il\u00a0bouquet\u00a0dell'offerta didattica: il chitarrista americano condurr\u00e0 quella internazionale da gioved\u00ec 23 a sabato 25, mentre il sardo terr\u00e0 la sua masterclass dedicata alla musica tradizionale venerd\u00ec 24 (alle 11 all'Auditorium del Museo del Costume). Completa il programma dei seminari, per il quarto anno consecutivo, il\u00a0<a href=\"http:\/\/www.entemusicalenuoro.it\/2018\/06\/08\/il-fonico-nel-jazz-con-marti-jane-robertson\/\">corso per fonici<\/a>\u00a0con l'ingegnere del suono\u00a0<a href=\"http:\/\/www.martijane.it\/\">Marti Jane Robertson<\/a>: da marted\u00ec 21 al successivo 28 agosto.<\/p>\n<p><img loading=\"lazy\" class=\"alignnone size-medium wp-image-163553 alignleft\" src=\"http:\/\/www.cronacaonline.it\/public\/content\/wp-content\/uploads\/2018\/08\/Franco-DAndrea_Riccardo_Musacchio-300x200.jpg\" alt=\"Franco D'Andrea_Riccardo_Musacchio\" width=\"300\" height=\"200\" \/>Come d'abitudine, varie\u00a0borse di studio\u00a0verranno assegnate al termine delle undici giornate di teoria e pratica del jazz: al migliore allievo di ogni classe di strumento per l'iscrizione gratuita alla prossima edizione\u00a0di Nuoro Jazz; la\u00a0borsa \"Billy Sechi\"\u00a0(intitolata al batterista sardo scomparso tredici anni fa) per partecipare ai seminari di\u00a0Siena Jazz; quella dedicata alla formazione del\u00a0gruppo dei migliori allievi\u00a0che avr\u00e0 modo di esibirsi l'anno venturo in apertura di Nuoro Jazz e i altre occasioni, come il festival Time in Jazz di Berchidda; e, ancora, la borsa di studio all'allievo scelto dai docenti per partecipare all'annuale\u00a0premio \"Massimo Urbani\"\u00a0di Camerino riservato ai solisti jazz under 30.<br \/>\nDue diverse residenze\u00a0contribuiscono a rendere speciale questa edizione numero trenta dei seminari jazz di Nuoro. La prima \u00e8 quella che vede in citt\u00e0, da gioved\u00ec scorso (16 agosto) e fino a venerd\u00ec 31,\u00a0dodici giovani musicisti\u00a0- provenienti da Italia, Francia, Portogallo, Libano, Turchia, Tunisia e Spagna - impegnati nell'<a href=\"https:\/\/academie.festival-aix.com\/en\/workshop\/2018-intercultural-creation-session\">Intercultural Creation Session<\/a>\u00a0che per la prima volta si tiene al di fuori del festival di Aix-en-Provence, dove il progetto \u00e8 nato, nell'ambito dell'<a href=\"https:\/\/academie.festival-aix.com\/fr\/formation\/orchestre-des-jeunes-de-la-mediterranee\">OJM<\/a>, l'Orchestra Giovanile del Mediterraneo, e della rete\u00a0<a href=\"https:\/\/festival-aix.com\/en\/academie\/medinea\">Medinea<\/a>\u00a0(Mediterranean Network for Emerging Artists), che sostiene l'inserimento professionale di giovani musicisti dell'area del Mediterraneo, sviluppando progetti interculturali che favoriscano il dialogo, la comunicazione e la mobilit\u00e0, che raggruppa istituzioni e associazioni culturali di diciotto paesi del Mediterraneo.<br \/>\nL'altra residenza \u00e8 invece legata al bando \"<a href=\"https:\/\/www.siae.it\/it\/iniziative-e-news\/sillumina-2017-copia-privata-i-giovani-la-cultura-al-i-cinque-nuovi-bandi\">Sillumina \u2013 Copia privata per i giovani, per la cultura<\/a>\", progetto nato dalla direttiva del Ministero per i beni e le attivit\u00e0 culturali in applicazione di una norma della legge di stabilit\u00e0 per il 2016 che ha previsto la distribuzione del dieci per cento dei compensi per la copia privata, gestiti dalla SIAE, in attivit\u00e0 che favoriscano la creativit\u00e0 e la promozione culturale nazionale e internazionale dei giovani. I\u00a0sei musicisti\u00a0selezionati l'anno scorso ai seminari di Nuoro per formare il gruppo dei migliori allievi, ovvero il sestetto\u00a0Plus 39\u00a0(Fabiana Manfredi e Federica Muscas alla voce, Luca Zennaro alla chitarra, Vittorio Esposito al pianoforte, Stefano Zambon al contrabbasso e Francesco Parodi alla batteria), hanno ora modo di incidere il loro primo disco avvalendosi di un ingegnere del suono del calibro di Marti Jane Robertson. Ma non solo: saranno anche protagonisti, insieme ai giovani musicisti della residenza\u00a0<a href=\"https:\/\/festival-aix.com\/en\/academie\/medinea\">Medinea<\/a>, del concerto in programma\u00a0gioved\u00ec 30\u00a0a Nuoro, nell'<a href=\"https:\/\/www.facebook.com\/Tanca-Manna-Nuoro-721920891157161\/\">area archeologica di Tanca Manna<\/a>, per la penultima serata della\u00a0rassegna di concerti\u00a0che affianca, come sempre, le undici giornate del seminario, facendo capo prevalentemente nel consueto spazio dei cortili del\u00a0Museo del Costume\u00a0del capoluogo barbaricino, ma con tappe anche a\u00a0Onan\u00ec,\u00a0Posada\u00a0e\u00a0Bitti.<br \/>\nI concerti di nuoro jazz - Apre la serie,\u00a0domani\u00a0sera\u00a0(marted\u00ec 21), un grande protagonista della scena jazzistica nazionale degli ultimi quarant'anni,\u00a0<a href=\"http:\/\/www.francodandrea.com\/\">Franco D'Andrea<\/a>, in piano solo a partire\u00a0dalle 21; e sar\u00e0 un'ottima occasione per apprezzare al meglio l'iridescente arte del musicista nato a Merano nel 1941: una straordinaria panoramica sul suo pensiero musicale, libero da manierismi e costantemente alla ricerca di un'espressivit\u00e0 autentica e profonda all'interno della tradizione jazzistica.<br \/>\nTra i nomi di maggior richiamo attesi nelle prossime date della rassegna spicca quello di\u00a0<a href=\"http:\/\/www.paolofresu.it\/it\/\">Paolo Fresu<\/a>\u00a0alla testa del\u00a0<a href=\"http:\/\/pannonica.it\/it\/artisti\/paolo-fresu\/devil-quartet\/\">Devil Quartet<\/a>\u00a0con\u00a0Bebo Ferra\u00a0(chitarra),\u00a0Paolino Dalla Porta\u00a0(contrabbasso) e\u00a0Stefano Bagnoli\u00a0(batteria), atteso da un duplice impegno\u00a0marted\u00ec 28: in mattinata nell'ormai classico\u00a0appuntamento\u00a0di Nuoro Jazz (si rinnova infatti per la quindicesima volta) nella\u00a0casa circondariale di Badu 'e Carros, poi, in serata, nell'<a href=\"https:\/\/www.facebook.com\/Tanca-Manna-Nuoro-721920891157161\/\">area archeologica di Tanca Manna<\/a>.<br \/>\n<a href=\"http:\/\/www.tukmusic.com\/it\/artists\/carla-casarano\/\">Carla Casarano<\/a>\u00a0alla voce,\u00a0<a href=\"http:\/\/www.tukmusic.com\/it\/artists\/leila-shirvani\/\">Leila Shirvani<\/a>\u00a0al violoncello,\u00a0<a href=\"http:\/\/www.tukmusic.com\/it\/artists\/marco-bardoscia\/\">Marco Bardoscia<\/a>\u00a0al contrabbasso,\u00a0<a href=\"http:\/\/www.tukmusic.com\/it\/artists\/william-greco\/\">William Greco<\/a>\u00a0al pianoforte e\u00a0<a href=\"http:\/\/www.tukmusic.com\/it\/artists\/emanuele-maniscalco\/\">Emanuele Maniscalco<\/a>\u00a0alla batteria e alle percussioni formano invece l'organico di \"<a href=\"http:\/\/www.tukmusic.com\/it\/catalogue\/lumina\/\">Lumin\u0103<\/a>\", di scena\u00a0gioved\u00ec 23\u00a0nei cortili del\u00a0Museo del Costume.\u00a0Gi\u00e0 consegnato alle tracce dell'omonimo album per l'etichetta T\u016dk Music, e reduce dalla partecipazione al festival\u00a0<a href=\"http:\/\/www.timeinjazz.it\/\">Time in Jazz<\/a>\u00a0di Berchidda, il progetto ruota intorno al tema della\u00a0Luce,\u00a0declinata in dieci composizioni musicali, ognuna col titolo \"Luce\", appunto, in diverse lingue del mondo. Il concerto \u00e8 organizzato con il sostegno di MiBACT e di SIAE, nell'ambito dell'iniziativa \"<a href=\"https:\/\/www.siae.it\/it\/iniziative-e-news\/sillumina-2017-copia-privata-i-giovani-la-cultura-al-i-cinque-nuovi-bandi\">Sillumina \u2013 Copia privata per i giovani, per la cultura<\/a>\".<br \/>\nPowell to the people\u00a0\u00e8 il progetto dedicato al grande pianista e compositore statunitense Bud Powell (1924-1966),\u00a0che\u00a0mercoled\u00ec 29\u00a0a\u00a0Onan\u00ec\u00a0(in piazza Funtana Manna alle 21) vedr\u00e0 insieme il pianista milanese\u00a0<a href=\"http:\/\/www.massimocolombo.it\/\">Massimo Colombo<\/a>, il contrabbassista\u00a0Maurizio Quintavalle\u00a0e il batterista\u00a0Enzo Zirilli.<br \/>\nAl termine delle rispettive masterclass, impegni concertistici attendono a Nuoro (nei cortili del Museo del Costume, con inizio alle 21) sia\u00a0<a href=\"http:\/\/www.paoloangeli.com\/\">Paolo Angeli<\/a>\u00a0con la sua \"chitarra sarda preparata\" nei ranghi della\u00a0Piccola Orchestra Gagarin\u00a0insieme al violoncellista israeliano-russo\u00a0Sasha Agranov\u00a0e al batterista catalano\u00a0Oriol Roca\u00a0(venerd\u00ec 24), sia\u00a0<a href=\"http:\/\/peterbernsteinmusic.com\/\">Peter Bernstein<\/a>\u00a0(luned\u00ec 27): nel bagaglio di esperienze del chitarrista newyorkese, classe 1967, un centinaio di dischi compresa una quindicina da leader, collaborazioni con jazzisti come Lou Donaldson, Jimmy Cobb, Larry Goldings, Joshua Redman, Diana Krall, Dr. Lonnie Smith e apparizioni nei gruppi di Nicholas Payton, Sonny Rollins, Lee Konitz, Tom Harrell, tra gli altri.<br \/>\nAncora una volta, lo stretto vincolo che lega la rassegna ai seminari \u00e8 ribadito anche dalla presenza nel cartellone dei concerti di progetti e gruppi intestati ai musicisti\/docenti dei corsi nuoresi: ecco, allora,\u00a0mercoled\u00ec 22\u00a0(alle 21 nei cortili del Museo del Costume), il chitarrista cagliaritano\u00a0<a href=\"https:\/\/www.facebook.com\/bebo.ferra\/\">Bebo Ferra<\/a>\u00a0alla guida di nuova formazione con Fulvio Sigurt\u00e0 (tromba\/flicorno), Salvatore Maiore (contrabbasso) e Alessandro Paternesi (batteria), e poi \u2013\u00a0venerd\u00ec 24\u00a0alle 19 al MAN - con la cantante\u00a0Francesca Corrias; ecco quindi il batterista\u00a0<a href=\"https:\/\/www.facebook.com\/stefanobrushman.bagnoli\">Stefano Bagnoli<\/a>\u00a0con i giovani talenti di Francesco Patti (sax tenore), Giuseppe Vitale (pianoforte) e Stefano Zambon (contrabbasso) riuniti sotto l'insegna del\u00a0We Kids Quartet, di scena\u00a0domenica 26\u00a0a\u00a0Posada\u00a0(in piazzetta Zirottu, sempre alle 21); ed ecco anche\u00a0Ettore Fioravanti, in cattedra nella classe di batteria dalle origini dei seminari nuoresi e fino a cinque edizioni fa, al centro dei riflettori del Museo del Costume\u00a0sabato 25\u00a0(ore 21) con il gruppo\u00a0Opus Magnum, nato dalla collaborazione con il clarinettista e sassofonista\u00a0<a href=\"https:\/\/www.marcocolonna.com\/\">Marco Colonna<\/a>, con Igor Legari al contrabbasso e con il vibrafonista Pasquale Mirra.<\/p>\n<p>Poi,\u00a0venerd\u00ec 31 agosto, il gran finale con l'immancabile\u00a0saggio\/concerto\u00a0che suggella le undici giornate di Nuoro Jazz: protagonisti gli allievi e i docenti dei seminari in un variegato e composito evento che questa volta andr\u00e0 in scena nel centro storico di Bitti.<br \/>\nDiversi\u00a0altri appuntamenti\u00a0e iniziative collaterali arricchiscono il programma del trentesimo Nuoro Jazz: ritornano le \"Colazioni Jazz\", gioved\u00ec 23 (ore 9) con il chitarrista\u00a0Angelo Lazzeri\u00a0al\u00a0Gran Bazaar Caf\u00e8\u00a0in via Satta e sabato 25 al caff\u00e8\u00a0I Grani\u00a0(in via fratelli Bandiera). Ancora musica,\u00a0gioved\u00ec 23\u00a0(alle 19), con l'arpista\u00a0Ottavia Rinaldi\u00a0in Casa Rosas (in via Lamarmora). Il\u00a0Caff\u00e8 Tettamanzi\u00a0(in corso Garibaldi) ospita invece i consueti\u00a0\"Quattro passi nel jazz\", la serie di conferenze condotte da\u00a0<a href=\"https:\/\/www.enricomerlin.org\/\">Enrico Merlin<\/a>\u00a0(gioved\u00ec 23, venerd\u00ec 24 e domenica 26, alle 16.45), dopo la presentazione (luned\u00ec 20 alle 18) del suo recentissimo saggio\u00a0\"<a href=\"https:\/\/www.enricomerlin.org\/miles-davis-1959\">Miles Davis 1959<\/a>\u00a0- A Day-By-Day Chronology\". Altri due appuntamenti al\u00a0Caff\u00e8 Tettamanzi: mercoled\u00ec 22, a partire dalle 18, proiezione di due film sul jazz di\u00a0Gianni Amico\u00a0(\"Noi insistiamo! Suite per la libert\u00e0 subito\", del 1964, e \"Appunti per un film sul jazz\", del 1965) presentati dal figlio del regista, Olmo Antico; luned\u00ec 27, infine, ancora una novit\u00e0 editoriale: Simone Cavagnino e Claudio Loi presentano il loro libro\u00a0\"Sardegna, jazz e dintorni\", pubblicato lo scorso giugno da Aipsa.<br \/>\nBiglietti e abbonamenti\u00a0per i concerti in programma al Museo del Costume si possono acquistare online sulla piattaforma\u00a0<a href=\"https:\/\/www.ciaotickets.com\/\">Ciaotickets<\/a>\u00a0(<a href=\"http:\/\/www.ciaotickets.com\/\">www.ciaotickets.com<\/a>)\u00a0e, a Nuoro, al\u00a0CTSViavai\u00a0presso l'ExM\u00e8 in piazza Mameli, 1. Il biglietto intero nei primi posti numerati costa dodici euro, dieci il ridotto; dieci euro \u00e8 anche il prezzo intero nei secondi posti, otto euro il ridotto. L'abbonamento ai primi posti costa 70 euro, ridotto a 40; secondi posti non numerati a 50 euro, ridotto a 25. Per il concerto del\u00a0Devil Quartet\u00a0nell'area archeologica di Tanca Manna, il biglietto intero costa quindici euro nei primi posti numerati, e il ridotto dodici; dodici euro il prezzo intero nei secondi posti numerati, dieci il ridotto.<br \/>\nInformazioni e aggiornamenti sui programmi sono disponibili nel sito\u00a0<a href=\"http:\/\/www.entemusicalenuoro.it\/\">www.entemusicalenuoro.it<\/a>\u00a0e alla pagina\u00a0<a href=\"http:\/\/www.facebook.com\/nuorojazz2014\">www.facebook.com\/nuorojazz2014<\/a>, mentre la segreteria dell'Ente Musicale di Nuoro risponde al numero\u00a0078436156\u00a0e all'indirizzo di posta elettronica\u00a0<a href=\"mailto:nuorojazz@entemusicalenuoro.it\">nuorojazz@entemusicalenuoro.it<\/a>.<br \/>\nLa trentesima edizione dei seminari e del festival Nuoro Jazz \u00e8 organizzata dall'Ente Musicale di Nuoro con il contributo della\u00a0Regione Autonoma della Sardegna\u00a0(Assessorato della Pubblica Istruzione, Beni Culturali, Informazione, Spettacolo e Sport e Assessorato del Turismo) e della\u00a0Fondazione di Sardegna, con il sostegno del\u00a0MiBACT\u00a0e di\u00a0SIAE\u00a0nell'ambito dell'iniziativa \"Sillumina \u2013 Copia privata per i giovani, per la cultura\", con il supporto di\u00a0Medinea,\u00a0Festival di Aix-en-Provence, progetto Creative Europe dell'Unione Europea,Amministrazioni Comunali di\u00a0Nuoro,\u00a0Onan\u00ec\u00a0e\u00a0Posada,\u00a0Parco Naturale Regionale Tepilora,\u00a0Istituto Comprensivo \"Piero Borrotzu\"\u00a0di Nuoro,\u00a0Cooperativa Sociale LARISO\u00a0di Nuoro, associazione\u00a0Tanca Manna,\u00a0Mereu Auto,\u00a0Mousik\u00e8\u00a0Nuoro,\u00a0Caff\u00e8 Tettamanzi, Grand Bazaar Caf\u00e8\u00a0e\u00a0Caff\u00e8\u00a0I Grani\u00a0di Nuoro.\u00a0Com<\/p>\n","protected":false},"excerpt":{"rendered":"<p>Cagliari, 20 Ago 2018 &#8211; Suona la campanella, a\u00a0Nuoro, per i\u00a0Seminari Jazz, quest&#8217;anno al significativo traguardo della\u00a0trentesima edizione. La scuola civica di musica intitolata ad&#8230;<\/p>\n","protected":false},"author":2,"featured_media":163552,"comment_status":"closed","ping_status":"closed","sticky":false,"template":"","format":"standard","meta":[],"categories":[49,51,54],"tags":[],"_links":{"self":[{"href":"https:\/\/www.cronacaonline.it\/index.php\/wp-json\/wp\/v2\/posts\/163551"}],"collection":[{"href":"https:\/\/www.cronacaonline.it\/index.php\/wp-json\/wp\/v2\/posts"}],"about":[{"href":"https:\/\/www.cronacaonline.it\/index.php\/wp-json\/wp\/v2\/types\/post"}],"author":[{"embeddable":true,"href":"https:\/\/www.cronacaonline.it\/index.php\/wp-json\/wp\/v2\/users\/2"}],"replies":[{"embeddable":true,"href":"https:\/\/www.cronacaonline.it\/index.php\/wp-json\/wp\/v2\/comments?post=163551"}],"version-history":[{"count":0,"href":"https:\/\/www.cronacaonline.it\/index.php\/wp-json\/wp\/v2\/posts\/163551\/revisions"}],"wp:featuredmedia":[{"embeddable":true,"href":"https:\/\/www.cronacaonline.it\/index.php\/wp-json\/wp\/v2\/media\/163552"}],"wp:attachment":[{"href":"https:\/\/www.cronacaonline.it\/index.php\/wp-json\/wp\/v2\/media?parent=163551"}],"wp:term":[{"taxonomy":"category","embeddable":true,"href":"https:\/\/www.cronacaonline.it\/index.php\/wp-json\/wp\/v2\/categories?post=163551"},{"taxonomy":"post_tag","embeddable":true,"href":"https:\/\/www.cronacaonline.it\/index.php\/wp-json\/wp\/v2\/tags?post=163551"}],"curies":[{"name":"wp","href":"https:\/\/api.w.org\/{rel}","templated":true}]}}